{"id":2133,"date":"2019-06-25T20:38:42","date_gmt":"2019-06-25T18:38:42","guid":{"rendered":"http:\/\/hofrfoto.cz\/?p=2133"},"modified":"2023-02-16T00:01:19","modified_gmt":"2023-02-15T23:01:19","slug":"ohnova-show","status":"publish","type":"post","link":"https:\/\/hofrfoto.cz\/en\/2019\/06\/25\/ohnova-show\/","title":{"rendered":"Oh\u0148ov\u00e1 show video"},"content":{"rendered":"<p>Oh\u0148ov\u00e1 show z m\u00fdch narozenin. Vystupuj\u00ed kamar\u00e1di z Fajr.<\/p>\n\n\n\n<p><\/p>\n\n\n\n<figure class=\"wp-block-embed-youtube wp-block-embed is-type-video is-provider-youtube wp-embed-aspect-16-9 wp-has-aspect-ratio\"><div class=\"wp-block-embed__wrapper\">\n<p class=\"responsive-video-wrap clr\"><iframe loading=\"lazy\" title=\"Fuerza del Fuego\" width=\"1200\" height=\"675\" src=\"https:\/\/www.youtube.com\/embed\/s8AYUv-VMVo?feature=oembed\" frameborder=\"0\" allow=\"accelerometer; autoplay; clipboard-write; encrypted-media; gyroscope; picture-in-picture; web-share\" allowfullscreen><\/iframe><\/p>\n<\/div><\/figure>","protected":false},"excerpt":{"rendered":"<p> [&hellip;]<\/p>","protected":false},"author":1,"featured_media":2136,"comment_status":"open","ping_status":"open","sticky":false,"template":"","format":"standard","meta":{"_exactmetrics_skip_tracking":false,"_exactmetrics_sitenote_active":false,"_exactmetrics_sitenote_note":"","_exactmetrics_sitenote_category":0,"_vp_format_video_url":"","_vp_image_focal_point":[],"footnotes":""},"categories":[2,709,8],"tags":[22,20],"class_list":["post-2133","post","type-post","status-publish","format-standard","has-post-thumbnail","hentry","category-festivaly","category-koncerty-a-festivaly","category-ostatni","tag-ohnova-show","tag-show","entry","has-media"],"_links":{"self":[{"href":"https:\/\/hofrfoto.cz\/en\/wp-json\/wp\/v2\/posts\/2133"}],"collection":[{"href":"https:\/\/hofrfoto.cz\/en\/wp-json\/wp\/v2\/posts"}],"about":[{"href":"https:\/\/hofrfoto.cz\/en\/wp-json\/wp\/v2\/types\/post"}],"author":[{"embeddable":true,"href":"https:\/\/hofrfoto.cz\/en\/wp-json\/wp\/v2\/users\/1"}],"replies":[{"embeddable":true,"href":"https:\/\/hofrfoto.cz\/en\/wp-json\/wp\/v2\/comments?post=2133"}],"version-history":[{"count":5,"href":"https:\/\/hofrfoto.cz\/en\/wp-json\/wp\/v2\/posts\/2133\/revisions"}],"predecessor-version":[{"id":2372,"href":"https:\/\/hofrfoto.cz\/en\/wp-json\/wp\/v2\/posts\/2133\/revisions\/2372"}],"wp:featuredmedia":[{"embeddable":true,"href":"https:\/\/hofrfoto.cz\/en\/wp-json\/wp\/v2\/media\/2136"}],"wp:attachment":[{"href":"https:\/\/hofrfoto.cz\/en\/wp-json\/wp\/v2\/media?parent=2133"}],"wp:term":[{"taxonomy":"category","embeddable":true,"href":"https:\/\/hofrfoto.cz\/en\/wp-json\/wp\/v2\/categories?post=2133"},{"taxonomy":"post_tag","embeddable":true,"href":"https:\/\/hofrfoto.cz\/en\/wp-json\/wp\/v2\/tags?post=2133"}],"curies":[{"name":"wp","href":"https:\/\/api.w.org\/{rel}","templated":true}]}}