{"id":2918,"date":"2019-09-26T20:42:56","date_gmt":"2019-09-26T18:42:56","guid":{"rendered":"http:\/\/hofrfoto.cz\/?p=2918"},"modified":"2023-02-19T17:13:03","modified_gmt":"2023-02-19T16:13:03","slug":"foceni-romana","status":"publish","type":"post","link":"https:\/\/hofrfoto.cz\/en\/2019\/09\/26\/foceni-romana\/","title":{"rendered":"Focen\u00ed &#8211; Romana"},"content":{"rendered":"<p><em>Leteck\u00e9 muzeum Kunovice, 22. z\u00e1\u0159\u00ed 2019<\/em><\/p>\n\n\n\n<p><\/p>\n\n\n\n<ul class=\"wp-block-gallery columns-3 is-cropped wp-block-gallery-1 is-layout-flex wp-block-gallery-is-layout-flex\"><li class=\"blocks-gallery-item\"><figure><a  href=\"https:\/\/hofrfoto.cz\/wp-content\/uploads\/2019\/09\/HOF_0209-1024x683.jpg\" data-rel=\"lightbox-gallery-0\" data-rl_title=\"HOF_0209\" data-rl_caption=\"HOF_0209\" title=\"HOF_0209\"><img loading=\"lazy\" decoding=\"async\" width=\"1024\" height=\"683\" src=\"https:\/\/hofrfoto.cz\/wp-content\/uploads\/2019\/09\/HOF_0209-1024x683.jpg\" alt=\"\" data-id=\"2919\" data-link=\"https:\/\/hofrfoto.cz\/?attachment_id=2919\" class=\"wp-image-2919\" srcset=\"https:\/\/hofrfoto.cz\/wp-content\/uploads\/2019\/09\/HOF_0209-1024x683.jpg 1024w, https:\/\/hofrfoto.cz\/wp-content\/uploads\/2019\/09\/HOF_0209-300x200.jpg 300w, https:\/\/hofrfoto.cz\/wp-content\/uploads\/2019\/09\/HOF_0209-768x512.jpg 768w\" sizes=\"(max-width: 1024px) 100vw, 1024px\" \/><\/a><\/figure><\/li><li class=\"blocks-gallery-item\"><figure><a  href=\"https:\/\/hofrfoto.cz\/wp-content\/uploads\/2019\/09\/HOF_0212-1024x683.jpg\" data-rel=\"lightbox-gallery-0\" data-rl_title=\"HOF_0212\" data-rl_caption=\"HOF_0212\" title=\"HOF_0212\"><img loading=\"lazy\" decoding=\"async\" width=\"1024\" height=\"683\" src=\"https:\/\/hofrfoto.cz\/wp-content\/uploads\/2019\/09\/HOF_0212-1024x683.jpg\" alt=\"\" data-id=\"2920\" data-link=\"https:\/\/hofrfoto.cz\/?attachment_id=2920\" class=\"wp-image-2920\" srcset=\"https:\/\/hofrfoto.cz\/wp-content\/uploads\/2019\/09\/HOF_0212-1024x683.jpg 1024w, https:\/\/hofrfoto.cz\/wp-content\/uploads\/2019\/09\/HOF_0212-300x200.jpg 300w, https:\/\/hofrfoto.cz\/wp-content\/uploads\/2019\/09\/HOF_0212-768x512.jpg 768w\" sizes=\"(max-width: 1024px) 100vw, 1024px\" \/><\/a><\/figure><\/li><li class=\"blocks-gallery-item\"><figure><a  href=\"https:\/\/hofrfoto.cz\/wp-content\/uploads\/2019\/09\/HOF_0229-1024x683.jpg\" data-rel=\"lightbox-gallery-0\" data-rl_title=\"HOF_0229\" data-rl_caption=\"HOF_0229\" title=\"HOF_0229\"><img loading=\"lazy\" decoding=\"async\" width=\"1024\" height=\"683\" src=\"https:\/\/hofrfoto.cz\/wp-content\/uploads\/2019\/09\/HOF_0229-1024x683.jpg\" alt=\"\" data-id=\"2921\" data-link=\"https:\/\/hofrfoto.cz\/?attachment_id=2921\" class=\"wp-image-2921\" srcset=\"https:\/\/hofrfoto.cz\/wp-content\/uploads\/2019\/09\/HOF_0229-1024x683.jpg 1024w, https:\/\/hofrfoto.cz\/wp-content\/uploads\/2019\/09\/HOF_0229-300x200.jpg 300w, https:\/\/hofrfoto.cz\/wp-content\/uploads\/2019\/09\/HOF_0229-768x512.jpg 768w\" sizes=\"(max-width: 1024px) 100vw, 1024px\" \/><\/a><\/figure><\/li><\/ul>","protected":false},"excerpt":{"rendered":"<p> [&hellip;]<\/p>","protected":false},"author":1,"featured_media":2920,"comment_status":"open","ping_status":"open","sticky":false,"template":"","format":"standard","meta":{"_exactmetrics_skip_tracking":false,"_exactmetrics_sitenote_active":false,"_exactmetrics_sitenote_note":"","_exactmetrics_sitenote_category":0,"_vp_format_video_url":"","_vp_image_focal_point":[],"footnotes":""},"categories":[30,711],"tags":[45,29],"class_list":["post-2918","post","type-post","status-publish","format-standard","has-post-thumbnail","hentry","category-models","category-portrety","tag-modelky","tag-models","entry","has-media"],"_links":{"self":[{"href":"https:\/\/hofrfoto.cz\/en\/wp-json\/wp\/v2\/posts\/2918"}],"collection":[{"href":"https:\/\/hofrfoto.cz\/en\/wp-json\/wp\/v2\/posts"}],"about":[{"href":"https:\/\/hofrfoto.cz\/en\/wp-json\/wp\/v2\/types\/post"}],"author":[{"embeddable":true,"href":"https:\/\/hofrfoto.cz\/en\/wp-json\/wp\/v2\/users\/1"}],"replies":[{"embeddable":true,"href":"https:\/\/hofrfoto.cz\/en\/wp-json\/wp\/v2\/comments?post=2918"}],"version-history":[{"count":1,"href":"https:\/\/hofrfoto.cz\/en\/wp-json\/wp\/v2\/posts\/2918\/revisions"}],"predecessor-version":[{"id":2922,"href":"https:\/\/hofrfoto.cz\/en\/wp-json\/wp\/v2\/posts\/2918\/revisions\/2922"}],"wp:featuredmedia":[{"embeddable":true,"href":"https:\/\/hofrfoto.cz\/en\/wp-json\/wp\/v2\/media\/2920"}],"wp:attachment":[{"href":"https:\/\/hofrfoto.cz\/en\/wp-json\/wp\/v2\/media?parent=2918"}],"wp:term":[{"taxonomy":"category","embeddable":true,"href":"https:\/\/hofrfoto.cz\/en\/wp-json\/wp\/v2\/categories?post=2918"},{"taxonomy":"post_tag","embeddable":true,"href":"https:\/\/hofrfoto.cz\/en\/wp-json\/wp\/v2\/tags?post=2918"}],"curies":[{"name":"wp","href":"https:\/\/api.w.org\/{rel}","templated":true}]}}