{"id":2925,"date":"2019-09-28T14:09:28","date_gmt":"2019-09-28T12:09:28","guid":{"rendered":"http:\/\/hofrfoto.cz\/?p=2925"},"modified":"2023-02-19T17:12:53","modified_gmt":"2023-02-19T16:12:53","slug":"foceni-verunka","status":"publish","type":"post","link":"https:\/\/hofrfoto.cz\/en\/2019\/09\/28\/foceni-verunka\/","title":{"rendered":"Focen\u00ed &#8211; Verunka"},"content":{"rendered":"<p><em>Leteck\u00e9 muzeum Kunovice, 22. z\u00e1\u0159\u00ed 2019<\/em><\/p>\n\n\n\n<ul class=\"wp-block-gallery columns-3 is-cropped wp-block-gallery-1 is-layout-flex wp-block-gallery-is-layout-flex\"><li class=\"blocks-gallery-item\"><figure><a  href=\"https:\/\/hofrfoto.cz\/wp-content\/uploads\/2019\/09\/HOF_0177-1024x683.jpg\" data-rel=\"lightbox-gallery-0\" data-rl_title=\"HOF_0177\" data-rl_caption=\"HOF_0177\" title=\"HOF_0177\"><img loading=\"lazy\" decoding=\"async\" width=\"1024\" height=\"683\" src=\"https:\/\/hofrfoto.cz\/wp-content\/uploads\/2019\/09\/HOF_0177-1024x683.jpg\" alt=\"\" data-id=\"2926\" data-link=\"https:\/\/hofrfoto.cz\/?attachment_id=2926\" class=\"wp-image-2926\" srcset=\"https:\/\/hofrfoto.cz\/wp-content\/uploads\/2019\/09\/HOF_0177-1024x683.jpg 1024w, https:\/\/hofrfoto.cz\/wp-content\/uploads\/2019\/09\/HOF_0177-300x200.jpg 300w, https:\/\/hofrfoto.cz\/wp-content\/uploads\/2019\/09\/HOF_0177-768x512.jpg 768w\" sizes=\"(max-width: 1024px) 100vw, 1024px\" \/><\/a><\/figure><\/li><li class=\"blocks-gallery-item\"><figure><a  href=\"https:\/\/hofrfoto.cz\/wp-content\/uploads\/2019\/09\/HOF_0183-1024x683.jpg\" data-rel=\"lightbox-gallery-0\" data-rl_title=\"HOF_0183\" data-rl_caption=\"HOF_0183\" title=\"HOF_0183\"><img loading=\"lazy\" decoding=\"async\" width=\"1024\" height=\"683\" src=\"https:\/\/hofrfoto.cz\/wp-content\/uploads\/2019\/09\/HOF_0183-1024x683.jpg\" alt=\"\" data-id=\"2927\" data-link=\"https:\/\/hofrfoto.cz\/?attachment_id=2927\" class=\"wp-image-2927\" srcset=\"https:\/\/hofrfoto.cz\/wp-content\/uploads\/2019\/09\/HOF_0183-1024x683.jpg 1024w, https:\/\/hofrfoto.cz\/wp-content\/uploads\/2019\/09\/HOF_0183-300x200.jpg 300w, https:\/\/hofrfoto.cz\/wp-content\/uploads\/2019\/09\/HOF_0183-768x512.jpg 768w\" sizes=\"(max-width: 1024px) 100vw, 1024px\" \/><\/a><\/figure><\/li><li class=\"blocks-gallery-item\"><figure><a  href=\"https:\/\/hofrfoto.cz\/wp-content\/uploads\/2019\/09\/HOF_0203-683x1024.jpg\" data-rel=\"lightbox-gallery-0\" data-rl_title=\"HOF_0203\" data-rl_caption=\"HOF_0203\" title=\"HOF_0203\"><img loading=\"lazy\" decoding=\"async\" width=\"683\" height=\"1024\" src=\"https:\/\/hofrfoto.cz\/wp-content\/uploads\/2019\/09\/HOF_0203-683x1024.jpg\" alt=\"\" data-id=\"2928\" data-link=\"https:\/\/hofrfoto.cz\/?attachment_id=2928\" class=\"wp-image-2928\" srcset=\"https:\/\/hofrfoto.cz\/wp-content\/uploads\/2019\/09\/HOF_0203-683x1024.jpg 683w, https:\/\/hofrfoto.cz\/wp-content\/uploads\/2019\/09\/HOF_0203-200x300.jpg 200w, https:\/\/hofrfoto.cz\/wp-content\/uploads\/2019\/09\/HOF_0203-768x1152.jpg 768w\" sizes=\"(max-width: 683px) 100vw, 683px\" \/><\/a><\/figure><\/li><\/ul>","protected":false},"excerpt":{"rendered":"<p> [&hellip;]<\/p>","protected":false},"author":1,"featured_media":2926,"comment_status":"open","ping_status":"open","sticky":false,"template":"","format":"standard","meta":{"_exactmetrics_skip_tracking":false,"_exactmetrics_sitenote_active":false,"_exactmetrics_sitenote_note":"","_exactmetrics_sitenote_category":0,"_vp_format_video_url":"","_vp_image_focal_point":[],"footnotes":""},"categories":[30,711],"tags":[45,29],"class_list":["post-2925","post","type-post","status-publish","format-standard","has-post-thumbnail","hentry","category-models","category-portrety","tag-modelky","tag-models","entry","has-media"],"_links":{"self":[{"href":"https:\/\/hofrfoto.cz\/en\/wp-json\/wp\/v2\/posts\/2925"}],"collection":[{"href":"https:\/\/hofrfoto.cz\/en\/wp-json\/wp\/v2\/posts"}],"about":[{"href":"https:\/\/hofrfoto.cz\/en\/wp-json\/wp\/v2\/types\/post"}],"author":[{"embeddable":true,"href":"https:\/\/hofrfoto.cz\/en\/wp-json\/wp\/v2\/users\/1"}],"replies":[{"embeddable":true,"href":"https:\/\/hofrfoto.cz\/en\/wp-json\/wp\/v2\/comments?post=2925"}],"version-history":[{"count":1,"href":"https:\/\/hofrfoto.cz\/en\/wp-json\/wp\/v2\/posts\/2925\/revisions"}],"predecessor-version":[{"id":2929,"href":"https:\/\/hofrfoto.cz\/en\/wp-json\/wp\/v2\/posts\/2925\/revisions\/2929"}],"wp:featuredmedia":[{"embeddable":true,"href":"https:\/\/hofrfoto.cz\/en\/wp-json\/wp\/v2\/media\/2926"}],"wp:attachment":[{"href":"https:\/\/hofrfoto.cz\/en\/wp-json\/wp\/v2\/media?parent=2925"}],"wp:term":[{"taxonomy":"category","embeddable":true,"href":"https:\/\/hofrfoto.cz\/en\/wp-json\/wp\/v2\/categories?post=2925"},{"taxonomy":"post_tag","embeddable":true,"href":"https:\/\/hofrfoto.cz\/en\/wp-json\/wp\/v2\/tags?post=2925"}],"curies":[{"name":"wp","href":"https:\/\/api.w.org\/{rel}","templated":true}]}}