{"id":340,"date":"2018-08-18T21:08:22","date_gmt":"2018-08-18T19:08:22","guid":{"rendered":"http:\/\/hofrfoto.cz\/?p=340"},"modified":"2023-02-16T00:02:14","modified_gmt":"2023-02-15T23:02:14","slug":"51-rocnik-hudebne-svestkoveho-festivalu-vizovicke-trnkobrani-17-18-8-2018-vizovice","status":"publish","type":"post","link":"https:\/\/hofrfoto.cz\/en\/2018\/08\/18\/51-rocnik-hudebne-svestkoveho-festivalu-vizovicke-trnkobrani-17-18-8-2018-vizovice\/","title":{"rendered":"Vizovick\u00e9 Trnkobran\u00ed 2018"},"content":{"rendered":"<p><em>17. &#8211; 18. 8. 2018 Vizovice<\/em><\/p>\n<p>51. ro\u010dn\u00edk hudebn\u011b-\u0161vestkov\u00e9ho festivalu Vizovick\u00e9 Trnkobran\u00ed 17. &#8211; 18. 8. 2018 Vizovice<\/p>\n<p>Festival Vizovick\u00e9 Trnkobran\u00ed je jednou z nejv\u011bt\u0161\u00edch hudebn\u00edch ud\u00e1lost\u00ed letn\u00ed festivalov\u00e9 sez\u00f3ny a nejv\u00fdznamn\u011bj\u0161\u00edm kulturn\u00edm projektem ve Zl\u00ednsk\u00e9m kraji. Tradi\u010dn\u00ed sou\u010d\u00e1st\u00ed Vizovick\u00e9ho Trnkobran\u00ed je sv\u011btov\u011b proslul\u00e1 sout\u011b\u017e v poj\u00edd\u00e1n\u00ed \u0161vestkov\u00fdch knedl\u00edk\u016f \u2013 origin\u00e1ln\u00ed sout\u011b\u017e, kter\u00e1 vzbuzuje z\u00e1jem v\u0161ech \u010desk\u00fdch i zahrani\u010dn\u00edch m\u00e9di\u00ed.<\/p>\n<p>\u00a0<\/p>\n<p>\u00a0<\/p>\n\n\n<ul class=\"wp-block-gallery columns-3 is-cropped wp-block-gallery-1 is-layout-flex wp-block-gallery-is-layout-flex\"><li class=\"blocks-gallery-item\"><figure><a  href=\"http:\/\/hofrfoto.cz\/wp-content\/uploads\/2018\/08\/DSC_0006-2-1024x683.jpg\" data-rel=\"lightbox-gallery-0\" data-rl_title=\"DSC_0006\" data-rl_caption=\"DSC_0006\" title=\"DSC_0006\"><img loading=\"lazy\" decoding=\"async\" width=\"1024\" height=\"683\" src=\"http:\/\/hofrfoto.cz\/wp-content\/uploads\/2018\/08\/DSC_0006-2-1024x683.jpg\" alt=\"\" data-id=\"989\" data-link=\"http:\/\/hofrfoto.cz\/2018\/08\/18\/51-rocnik-hudebne-svestkoveho-festivalu-vizovicke-trnkobrani-17-18-8-2018-vizovice\/dsc_0006-3\/\" class=\"wp-image-989\" srcset=\"https:\/\/hofrfoto.cz\/wp-content\/uploads\/2018\/08\/DSC_0006-2-1024x683.jpg 1024w, https:\/\/hofrfoto.cz\/wp-content\/uploads\/2018\/08\/DSC_0006-2-300x200.jpg 300w, https:\/\/hofrfoto.cz\/wp-content\/uploads\/2018\/08\/DSC_0006-2-768x512.jpg 768w, https:\/\/hofrfoto.cz\/wp-content\/uploads\/2018\/08\/DSC_0006-2.jpg 1200w\" sizes=\"(max-width: 1024px) 100vw, 1024px\" \/><\/a><\/figure><\/li><li class=\"blocks-gallery-item\"><figure><a  href=\"http:\/\/hofrfoto.cz\/wp-content\/uploads\/2018\/08\/DSC_0008-2-1024x683.jpg\" data-rel=\"lightbox-gallery-0\" data-rl_title=\"DSC_0008\" data-rl_caption=\"DSC_0008\" title=\"DSC_0008\"><img loading=\"lazy\" decoding=\"async\" width=\"1024\" height=\"683\" src=\"http:\/\/hofrfoto.cz\/wp-content\/uploads\/2018\/08\/DSC_0008-2-1024x683.jpg\" alt=\"\" data-id=\"990\" data-link=\"http:\/\/hofrfoto.cz\/2018\/08\/18\/51-rocnik-hudebne-svestkoveho-festivalu-vizovicke-trnkobrani-17-18-8-2018-vizovice\/dsc_0008-8\/\" class=\"wp-image-990\" srcset=\"https:\/\/hofrfoto.cz\/wp-content\/uploads\/2018\/08\/DSC_0008-2-1024x683.jpg 1024w, https:\/\/hofrfoto.cz\/wp-content\/uploads\/2018\/08\/DSC_0008-2-300x200.jpg 300w, https:\/\/hofrfoto.cz\/wp-content\/uploads\/2018\/08\/DSC_0008-2-768x512.jpg 768w, https:\/\/hofrfoto.cz\/wp-content\/uploads\/2018\/08\/DSC_0008-2.jpg 1200w\" sizes=\"(max-width: 1024px) 100vw, 1024px\" \/><\/a><\/figure><\/li><li class=\"blocks-gallery-item\"><figure><a  href=\"http:\/\/hofrfoto.cz\/wp-content\/uploads\/2018\/08\/DSC_0017-3-1024x683.jpg\" data-rel=\"lightbox-gallery-0\" data-rl_title=\"DSC_0017\" data-rl_caption=\"DSC_0017\" title=\"DSC_0017\"><img loading=\"lazy\" decoding=\"async\" width=\"1024\" height=\"683\" src=\"http:\/\/hofrfoto.cz\/wp-content\/uploads\/2018\/08\/DSC_0017-3-1024x683.jpg\" alt=\"\" data-id=\"991\" data-link=\"http:\/\/hofrfoto.cz\/2018\/08\/18\/51-rocnik-hudebne-svestkoveho-festivalu-vizovicke-trnkobrani-17-18-8-2018-vizovice\/dsc_0017-7\/\" class=\"wp-image-991\" srcset=\"https:\/\/hofrfoto.cz\/wp-content\/uploads\/2018\/08\/DSC_0017-3-1024x683.jpg 1024w, https:\/\/hofrfoto.cz\/wp-content\/uploads\/2018\/08\/DSC_0017-3-300x200.jpg 300w, https:\/\/hofrfoto.cz\/wp-content\/uploads\/2018\/08\/DSC_0017-3-768x512.jpg 768w, https:\/\/hofrfoto.cz\/wp-content\/uploads\/2018\/08\/DSC_0017-3.jpg 1200w\" sizes=\"(max-width: 1024px) 100vw, 1024px\" \/><\/a><\/figure><\/li><li class=\"blocks-gallery-item\"><figure><a  href=\"http:\/\/hofrfoto.cz\/wp-content\/uploads\/2018\/08\/DSC_0020-2-1024x683.jpg\" data-rel=\"lightbox-gallery-0\" data-rl_title=\"DSC_0020\" data-rl_caption=\"DSC_0020\" title=\"DSC_0020\"><img loading=\"lazy\" decoding=\"async\" width=\"1024\" height=\"683\" src=\"http:\/\/hofrfoto.cz\/wp-content\/uploads\/2018\/08\/DSC_0020-2-1024x683.jpg\" alt=\"\" data-id=\"992\" data-link=\"http:\/\/hofrfoto.cz\/2018\/08\/18\/51-rocnik-hudebne-svestkoveho-festivalu-vizovicke-trnkobrani-17-18-8-2018-vizovice\/dsc_0020-5\/\" class=\"wp-image-992\" srcset=\"https:\/\/hofrfoto.cz\/wp-content\/uploads\/2018\/08\/DSC_0020-2-1024x683.jpg 1024w, https:\/\/hofrfoto.cz\/wp-content\/uploads\/2018\/08\/DSC_0020-2-300x200.jpg 300w, https:\/\/hofrfoto.cz\/wp-content\/uploads\/2018\/08\/DSC_0020-2-768x512.jpg 768w, https:\/\/hofrfoto.cz\/wp-content\/uploads\/2018\/08\/DSC_0020-2.jpg 1200w\" sizes=\"(max-width: 1024px) 100vw, 1024px\" \/><\/a><\/figure><\/li><li class=\"blocks-gallery-item\"><figure><a  href=\"http:\/\/hofrfoto.cz\/wp-content\/uploads\/2018\/08\/DSC_0027-3-1024x683.jpg\" data-rel=\"lightbox-gallery-0\" data-rl_title=\"DSC_0027\" data-rl_caption=\"DSC_0027\" title=\"DSC_0027\"><img loading=\"lazy\" decoding=\"async\" width=\"1024\" height=\"683\" src=\"http:\/\/hofrfoto.cz\/wp-content\/uploads\/2018\/08\/DSC_0027-3-1024x683.jpg\" alt=\"\" data-id=\"993\" data-link=\"http:\/\/hofrfoto.cz\/2018\/08\/18\/51-rocnik-hudebne-svestkoveho-festivalu-vizovicke-trnkobrani-17-18-8-2018-vizovice\/dsc_0027-4\/\" class=\"wp-image-993\" srcset=\"https:\/\/hofrfoto.cz\/wp-content\/uploads\/2018\/08\/DSC_0027-3-1024x683.jpg 1024w, https:\/\/hofrfoto.cz\/wp-content\/uploads\/2018\/08\/DSC_0027-3-300x200.jpg 300w, https:\/\/hofrfoto.cz\/wp-content\/uploads\/2018\/08\/DSC_0027-3-768x512.jpg 768w, https:\/\/hofrfoto.cz\/wp-content\/uploads\/2018\/08\/DSC_0027-3.jpg 1200w\" sizes=\"(max-width: 1024px) 100vw, 1024px\" \/><\/a><\/figure><\/li><li class=\"blocks-gallery-item\"><figure><a  href=\"http:\/\/hofrfoto.cz\/wp-content\/uploads\/2018\/08\/DSC_0031-2-1024x683.jpg\" data-rel=\"lightbox-gallery-0\" data-rl_title=\"DSC_0031\" data-rl_caption=\"DSC_0031\" title=\"DSC_0031\"><img loading=\"lazy\" decoding=\"async\" width=\"1024\" height=\"683\" src=\"http:\/\/hofrfoto.cz\/wp-content\/uploads\/2018\/08\/DSC_0031-2-1024x683.jpg\" alt=\"\" data-id=\"994\" data-link=\"http:\/\/hofrfoto.cz\/2018\/08\/18\/51-rocnik-hudebne-svestkoveho-festivalu-vizovicke-trnkobrani-17-18-8-2018-vizovice\/dsc_0031-4\/\" class=\"wp-image-994\" srcset=\"https:\/\/hofrfoto.cz\/wp-content\/uploads\/2018\/08\/DSC_0031-2-1024x683.jpg 1024w, https:\/\/hofrfoto.cz\/wp-content\/uploads\/2018\/08\/DSC_0031-2-300x200.jpg 300w, https:\/\/hofrfoto.cz\/wp-content\/uploads\/2018\/08\/DSC_0031-2-768x512.jpg 768w, https:\/\/hofrfoto.cz\/wp-content\/uploads\/2018\/08\/DSC_0031-2.jpg 1200w\" sizes=\"(max-width: 1024px) 100vw, 1024px\" \/><\/a><\/figure><\/li><li class=\"blocks-gallery-item\"><figure><a  href=\"http:\/\/hofrfoto.cz\/wp-content\/uploads\/2018\/08\/DSC_0034-2-1024x683.jpg\" data-rel=\"lightbox-gallery-0\" data-rl_title=\"DSC_0034\" data-rl_caption=\"DSC_0034\" title=\"DSC_0034\"><img loading=\"lazy\" decoding=\"async\" width=\"1024\" height=\"683\" src=\"http:\/\/hofrfoto.cz\/wp-content\/uploads\/2018\/08\/DSC_0034-2-1024x683.jpg\" alt=\"\" data-id=\"995\" data-link=\"http:\/\/hofrfoto.cz\/2018\/08\/18\/51-rocnik-hudebne-svestkoveho-festivalu-vizovicke-trnkobrani-17-18-8-2018-vizovice\/dsc_0034-5\/\" class=\"wp-image-995\" srcset=\"https:\/\/hofrfoto.cz\/wp-content\/uploads\/2018\/08\/DSC_0034-2-1024x683.jpg 1024w, https:\/\/hofrfoto.cz\/wp-content\/uploads\/2018\/08\/DSC_0034-2-300x200.jpg 300w, https:\/\/hofrfoto.cz\/wp-content\/uploads\/2018\/08\/DSC_0034-2-768x512.jpg 768w, https:\/\/hofrfoto.cz\/wp-content\/uploads\/2018\/08\/DSC_0034-2.jpg 1200w\" sizes=\"(max-width: 1024px) 100vw, 1024px\" \/><\/a><\/figure><\/li><li class=\"blocks-gallery-item\"><figure><a  href=\"http:\/\/hofrfoto.cz\/wp-content\/uploads\/2018\/08\/DSC_0037-3-1024x683.jpg\" data-rel=\"lightbox-gallery-0\" data-rl_title=\"DSC_0037\" data-rl_caption=\"DSC_0037\" title=\"DSC_0037\"><img loading=\"lazy\" decoding=\"async\" width=\"1024\" height=\"683\" src=\"http:\/\/hofrfoto.cz\/wp-content\/uploads\/2018\/08\/DSC_0037-3-1024x683.jpg\" alt=\"\" data-id=\"996\" data-link=\"http:\/\/hofrfoto.cz\/2018\/08\/18\/51-rocnik-hudebne-svestkoveho-festivalu-vizovicke-trnkobrani-17-18-8-2018-vizovice\/dsc_0037-6\/\" class=\"wp-image-996\" srcset=\"https:\/\/hofrfoto.cz\/wp-content\/uploads\/2018\/08\/DSC_0037-3-1024x683.jpg 1024w, https:\/\/hofrfoto.cz\/wp-content\/uploads\/2018\/08\/DSC_0037-3-300x200.jpg 300w, https:\/\/hofrfoto.cz\/wp-content\/uploads\/2018\/08\/DSC_0037-3-768x512.jpg 768w, https:\/\/hofrfoto.cz\/wp-content\/uploads\/2018\/08\/DSC_0037-3.jpg 1200w\" sizes=\"(max-width: 1024px) 100vw, 1024px\" \/><\/a><\/figure><\/li><li class=\"blocks-gallery-item\"><figure><a  href=\"http:\/\/hofrfoto.cz\/wp-content\/uploads\/2018\/08\/DSC_0038-2-1024x683.jpg\" data-rel=\"lightbox-gallery-0\" data-rl_title=\"DSC_0038\" data-rl_caption=\"DSC_0038\" title=\"DSC_0038\"><img loading=\"lazy\" decoding=\"async\" width=\"1024\" height=\"683\" src=\"http:\/\/hofrfoto.cz\/wp-content\/uploads\/2018\/08\/DSC_0038-2-1024x683.jpg\" alt=\"\" data-id=\"997\" data-link=\"http:\/\/hofrfoto.cz\/2018\/08\/18\/51-rocnik-hudebne-svestkoveho-festivalu-vizovicke-trnkobrani-17-18-8-2018-vizovice\/dsc_0038-4\/\" class=\"wp-image-997\" srcset=\"https:\/\/hofrfoto.cz\/wp-content\/uploads\/2018\/08\/DSC_0038-2-1024x683.jpg 1024w, https:\/\/hofrfoto.cz\/wp-content\/uploads\/2018\/08\/DSC_0038-2-300x200.jpg 300w, https:\/\/hofrfoto.cz\/wp-content\/uploads\/2018\/08\/DSC_0038-2-768x512.jpg 768w, https:\/\/hofrfoto.cz\/wp-content\/uploads\/2018\/08\/DSC_0038-2.jpg 1200w\" sizes=\"(max-width: 1024px) 100vw, 1024px\" \/><\/a><\/figure><\/li><li class=\"blocks-gallery-item\"><figure><a  href=\"http:\/\/hofrfoto.cz\/wp-content\/uploads\/2018\/08\/DSC_0045-2-1024x683.jpg\" data-rel=\"lightbox-gallery-0\" data-rl_title=\"DSC_0045\" data-rl_caption=\"DSC_0045\" title=\"DSC_0045\"><img loading=\"lazy\" decoding=\"async\" width=\"1024\" height=\"683\" src=\"http:\/\/hofrfoto.cz\/wp-content\/uploads\/2018\/08\/DSC_0045-2-1024x683.jpg\" alt=\"\" data-id=\"998\" data-link=\"http:\/\/hofrfoto.cz\/2018\/08\/18\/51-rocnik-hudebne-svestkoveho-festivalu-vizovicke-trnkobrani-17-18-8-2018-vizovice\/dsc_0045-4\/\" class=\"wp-image-998\" srcset=\"https:\/\/hofrfoto.cz\/wp-content\/uploads\/2018\/08\/DSC_0045-2-1024x683.jpg 1024w, https:\/\/hofrfoto.cz\/wp-content\/uploads\/2018\/08\/DSC_0045-2-300x200.jpg 300w, https:\/\/hofrfoto.cz\/wp-content\/uploads\/2018\/08\/DSC_0045-2-768x512.jpg 768w, https:\/\/hofrfoto.cz\/wp-content\/uploads\/2018\/08\/DSC_0045-2.jpg 1200w\" sizes=\"(max-width: 1024px) 100vw, 1024px\" \/><\/a><\/figure><\/li><li class=\"blocks-gallery-item\"><figure><a  href=\"http:\/\/hofrfoto.cz\/wp-content\/uploads\/2018\/08\/DSC_0046-2-1024x683.jpg\" data-rel=\"lightbox-gallery-0\" data-rl_title=\"DSC_0046\" data-rl_caption=\"DSC_0046\" title=\"DSC_0046\"><img loading=\"lazy\" decoding=\"async\" width=\"1024\" height=\"683\" src=\"http:\/\/hofrfoto.cz\/wp-content\/uploads\/2018\/08\/DSC_0046-2-1024x683.jpg\" alt=\"\" data-id=\"999\" data-link=\"http:\/\/hofrfoto.cz\/2018\/08\/18\/51-rocnik-hudebne-svestkoveho-festivalu-vizovicke-trnkobrani-17-18-8-2018-vizovice\/dsc_0046-5\/\" class=\"wp-image-999\" srcset=\"https:\/\/hofrfoto.cz\/wp-content\/uploads\/2018\/08\/DSC_0046-2-1024x683.jpg 1024w, https:\/\/hofrfoto.cz\/wp-content\/uploads\/2018\/08\/DSC_0046-2-300x200.jpg 300w, https:\/\/hofrfoto.cz\/wp-content\/uploads\/2018\/08\/DSC_0046-2-768x512.jpg 768w, https:\/\/hofrfoto.cz\/wp-content\/uploads\/2018\/08\/DSC_0046-2.jpg 1200w\" sizes=\"(max-width: 1024px) 100vw, 1024px\" \/><\/a><\/figure><\/li><li class=\"blocks-gallery-item\"><figure><a  href=\"http:\/\/hofrfoto.cz\/wp-content\/uploads\/2018\/08\/DSC_0049-2-1024x683.jpg\" data-rel=\"lightbox-gallery-0\" data-rl_title=\"DSC_0049\" data-rl_caption=\"DSC_0049\" title=\"DSC_0049\"><img loading=\"lazy\" decoding=\"async\" width=\"1024\" height=\"683\" src=\"http:\/\/hofrfoto.cz\/wp-content\/uploads\/2018\/08\/DSC_0049-2-1024x683.jpg\" alt=\"\" data-id=\"1000\" data-link=\"http:\/\/hofrfoto.cz\/2018\/08\/18\/51-rocnik-hudebne-svestkoveho-festivalu-vizovicke-trnkobrani-17-18-8-2018-vizovice\/dsc_0049-5\/\" class=\"wp-image-1000\" srcset=\"https:\/\/hofrfoto.cz\/wp-content\/uploads\/2018\/08\/DSC_0049-2-1024x683.jpg 1024w, https:\/\/hofrfoto.cz\/wp-content\/uploads\/2018\/08\/DSC_0049-2-300x200.jpg 300w, https:\/\/hofrfoto.cz\/wp-content\/uploads\/2018\/08\/DSC_0049-2-768x512.jpg 768w, https:\/\/hofrfoto.cz\/wp-content\/uploads\/2018\/08\/DSC_0049-2.jpg 1200w\" sizes=\"(max-width: 1024px) 100vw, 1024px\" \/><\/a><\/figure><\/li><li class=\"blocks-gallery-item\"><figure><a  href=\"http:\/\/hofrfoto.cz\/wp-content\/uploads\/2018\/08\/DSC_0052-2-1024x683.jpg\" data-rel=\"lightbox-gallery-0\" data-rl_title=\"DSC_0052\" data-rl_caption=\"DSC_0052\" title=\"DSC_0052\"><img loading=\"lazy\" decoding=\"async\" width=\"1024\" height=\"683\" src=\"http:\/\/hofrfoto.cz\/wp-content\/uploads\/2018\/08\/DSC_0052-2-1024x683.jpg\" alt=\"\" data-id=\"1001\" data-link=\"http:\/\/hofrfoto.cz\/2018\/08\/18\/51-rocnik-hudebne-svestkoveho-festivalu-vizovicke-trnkobrani-17-18-8-2018-vizovice\/dsc_0052-4\/\" class=\"wp-image-1001\" srcset=\"https:\/\/hofrfoto.cz\/wp-content\/uploads\/2018\/08\/DSC_0052-2-1024x683.jpg 1024w, https:\/\/hofrfoto.cz\/wp-content\/uploads\/2018\/08\/DSC_0052-2-300x200.jpg 300w, https:\/\/hofrfoto.cz\/wp-content\/uploads\/2018\/08\/DSC_0052-2-768x512.jpg 768w, https:\/\/hofrfoto.cz\/wp-content\/uploads\/2018\/08\/DSC_0052-2.jpg 1200w\" sizes=\"(max-width: 1024px) 100vw, 1024px\" \/><\/a><\/figure><\/li><li class=\"blocks-gallery-item\"><figure><a  href=\"http:\/\/hofrfoto.cz\/wp-content\/uploads\/2018\/08\/DSC_0070-3-1024x683.jpg\" data-rel=\"lightbox-gallery-0\" data-rl_title=\"DSC_0070\" data-rl_caption=\"DSC_0070\" title=\"DSC_0070\"><img loading=\"lazy\" decoding=\"async\" width=\"1024\" height=\"683\" src=\"http:\/\/hofrfoto.cz\/wp-content\/uploads\/2018\/08\/DSC_0070-3-1024x683.jpg\" alt=\"\" data-id=\"1002\" data-link=\"http:\/\/hofrfoto.cz\/2018\/08\/18\/51-rocnik-hudebne-svestkoveho-festivalu-vizovicke-trnkobrani-17-18-8-2018-vizovice\/dsc_0070-5\/\" class=\"wp-image-1002\" srcset=\"https:\/\/hofrfoto.cz\/wp-content\/uploads\/2018\/08\/DSC_0070-3-1024x683.jpg 1024w, https:\/\/hofrfoto.cz\/wp-content\/uploads\/2018\/08\/DSC_0070-3-300x200.jpg 300w, https:\/\/hofrfoto.cz\/wp-content\/uploads\/2018\/08\/DSC_0070-3-768x512.jpg 768w, https:\/\/hofrfoto.cz\/wp-content\/uploads\/2018\/08\/DSC_0070-3.jpg 1200w\" sizes=\"(max-width: 1024px) 100vw, 1024px\" \/><\/a><\/figure><\/li><li class=\"blocks-gallery-item\"><figure><a  href=\"http:\/\/hofrfoto.cz\/wp-content\/uploads\/2018\/08\/DSC_0082-2-1024x683.jpg\" data-rel=\"lightbox-gallery-0\" data-rl_title=\"DSC_0082\" data-rl_caption=\"DSC_0082\" title=\"DSC_0082\"><img loading=\"lazy\" decoding=\"async\" width=\"1024\" height=\"683\" src=\"http:\/\/hofrfoto.cz\/wp-content\/uploads\/2018\/08\/DSC_0082-2-1024x683.jpg\" alt=\"\" data-id=\"1003\" data-link=\"http:\/\/hofrfoto.cz\/2018\/08\/18\/51-rocnik-hudebne-svestkoveho-festivalu-vizovicke-trnkobrani-17-18-8-2018-vizovice\/dsc_0082-3\/\" class=\"wp-image-1003\" srcset=\"https:\/\/hofrfoto.cz\/wp-content\/uploads\/2018\/08\/DSC_0082-2-1024x683.jpg 1024w, https:\/\/hofrfoto.cz\/wp-content\/uploads\/2018\/08\/DSC_0082-2-300x200.jpg 300w, https:\/\/hofrfoto.cz\/wp-content\/uploads\/2018\/08\/DSC_0082-2-768x512.jpg 768w, https:\/\/hofrfoto.cz\/wp-content\/uploads\/2018\/08\/DSC_0082-2.jpg 1200w\" sizes=\"(max-width: 1024px) 100vw, 1024px\" \/><\/a><\/figure><\/li><li class=\"blocks-gallery-item\"><figure><a  href=\"http:\/\/hofrfoto.cz\/wp-content\/uploads\/2018\/08\/DSC_0091-2-1024x683.jpg\" data-rel=\"lightbox-gallery-0\" data-rl_title=\"DSC_0091\" data-rl_caption=\"DSC_0091\" title=\"DSC_0091\"><img loading=\"lazy\" decoding=\"async\" width=\"1024\" height=\"683\" src=\"http:\/\/hofrfoto.cz\/wp-content\/uploads\/2018\/08\/DSC_0091-2-1024x683.jpg\" alt=\"\" data-id=\"1004\" data-link=\"http:\/\/hofrfoto.cz\/2018\/08\/18\/51-rocnik-hudebne-svestkoveho-festivalu-vizovicke-trnkobrani-17-18-8-2018-vizovice\/dsc_0091-4\/\" class=\"wp-image-1004\" srcset=\"https:\/\/hofrfoto.cz\/wp-content\/uploads\/2018\/08\/DSC_0091-2-1024x683.jpg 1024w, https:\/\/hofrfoto.cz\/wp-content\/uploads\/2018\/08\/DSC_0091-2-300x200.jpg 300w, https:\/\/hofrfoto.cz\/wp-content\/uploads\/2018\/08\/DSC_0091-2-768x512.jpg 768w, https:\/\/hofrfoto.cz\/wp-content\/uploads\/2018\/08\/DSC_0091-2.jpg 1200w\" sizes=\"(max-width: 1024px) 100vw, 1024px\" \/><\/a><\/figure><\/li><li class=\"blocks-gallery-item\"><figure><a  href=\"http:\/\/hofrfoto.cz\/wp-content\/uploads\/2018\/08\/DSC_0120-2-1024x683.jpg\" data-rel=\"lightbox-gallery-0\" data-rl_title=\"DSC_0120\" data-rl_caption=\"DSC_0120\" title=\"DSC_0120\"><img loading=\"lazy\" decoding=\"async\" width=\"1024\" height=\"683\" src=\"http:\/\/hofrfoto.cz\/wp-content\/uploads\/2018\/08\/DSC_0120-2-1024x683.jpg\" alt=\"\" data-id=\"1005\" data-link=\"http:\/\/hofrfoto.cz\/2018\/08\/18\/51-rocnik-hudebne-svestkoveho-festivalu-vizovicke-trnkobrani-17-18-8-2018-vizovice\/dsc_0120-3\/\" class=\"wp-image-1005\" srcset=\"https:\/\/hofrfoto.cz\/wp-content\/uploads\/2018\/08\/DSC_0120-2-1024x683.jpg 1024w, https:\/\/hofrfoto.cz\/wp-content\/uploads\/2018\/08\/DSC_0120-2-300x200.jpg 300w, https:\/\/hofrfoto.cz\/wp-content\/uploads\/2018\/08\/DSC_0120-2-768x512.jpg 768w, https:\/\/hofrfoto.cz\/wp-content\/uploads\/2018\/08\/DSC_0120-2.jpg 1200w\" sizes=\"(max-width: 1024px) 100vw, 1024px\" \/><\/a><\/figure><\/li><li class=\"blocks-gallery-item\"><figure><a  href=\"http:\/\/hofrfoto.cz\/wp-content\/uploads\/2018\/08\/DSC_0125-2-1024x683.jpg\" data-rel=\"lightbox-gallery-0\" data-rl_title=\"DSC_0125\" data-rl_caption=\"DSC_0125\" title=\"DSC_0125\"><img loading=\"lazy\" decoding=\"async\" width=\"1024\" height=\"683\" src=\"http:\/\/hofrfoto.cz\/wp-content\/uploads\/2018\/08\/DSC_0125-2-1024x683.jpg\" alt=\"\" data-id=\"1006\" data-link=\"http:\/\/hofrfoto.cz\/2018\/08\/18\/51-rocnik-hudebne-svestkoveho-festivalu-vizovicke-trnkobrani-17-18-8-2018-vizovice\/dsc_0125-3\/\" class=\"wp-image-1006\" srcset=\"https:\/\/hofrfoto.cz\/wp-content\/uploads\/2018\/08\/DSC_0125-2-1024x683.jpg 1024w, https:\/\/hofrfoto.cz\/wp-content\/uploads\/2018\/08\/DSC_0125-2-300x200.jpg 300w, https:\/\/hofrfoto.cz\/wp-content\/uploads\/2018\/08\/DSC_0125-2-768x512.jpg 768w, https:\/\/hofrfoto.cz\/wp-content\/uploads\/2018\/08\/DSC_0125-2.jpg 1200w\" sizes=\"(max-width: 1024px) 100vw, 1024px\" \/><\/a><\/figure><\/li><li class=\"blocks-gallery-item\"><figure><a  href=\"http:\/\/hofrfoto.cz\/wp-content\/uploads\/2018\/08\/DSC_0127-2-1024x683.jpg\" data-rel=\"lightbox-gallery-0\" data-rl_title=\"DSC_0127\" data-rl_caption=\"DSC_0127\" title=\"DSC_0127\"><img loading=\"lazy\" decoding=\"async\" width=\"1024\" height=\"683\" src=\"http:\/\/hofrfoto.cz\/wp-content\/uploads\/2018\/08\/DSC_0127-2-1024x683.jpg\" alt=\"\" data-id=\"1007\" data-link=\"http:\/\/hofrfoto.cz\/2018\/08\/18\/51-rocnik-hudebne-svestkoveho-festivalu-vizovicke-trnkobrani-17-18-8-2018-vizovice\/dsc_0127-6\/\" class=\"wp-image-1007\" srcset=\"https:\/\/hofrfoto.cz\/wp-content\/uploads\/2018\/08\/DSC_0127-2-1024x683.jpg 1024w, https:\/\/hofrfoto.cz\/wp-content\/uploads\/2018\/08\/DSC_0127-2-300x200.jpg 300w, https:\/\/hofrfoto.cz\/wp-content\/uploads\/2018\/08\/DSC_0127-2-768x512.jpg 768w, https:\/\/hofrfoto.cz\/wp-content\/uploads\/2018\/08\/DSC_0127-2.jpg 1200w\" sizes=\"(max-width: 1024px) 100vw, 1024px\" \/><\/a><\/figure><\/li><li class=\"blocks-gallery-item\"><figure><a  href=\"http:\/\/hofrfoto.cz\/wp-content\/uploads\/2018\/08\/DSC_0130-2-1024x683.jpg\" data-rel=\"lightbox-gallery-0\" data-rl_title=\"DSC_0130\" data-rl_caption=\"DSC_0130\" title=\"DSC_0130\"><img loading=\"lazy\" decoding=\"async\" width=\"1024\" height=\"683\" src=\"http:\/\/hofrfoto.cz\/wp-content\/uploads\/2018\/08\/DSC_0130-2-1024x683.jpg\" alt=\"\" data-id=\"1008\" data-link=\"http:\/\/hofrfoto.cz\/2018\/08\/18\/51-rocnik-hudebne-svestkoveho-festivalu-vizovicke-trnkobrani-17-18-8-2018-vizovice\/dsc_0130-4\/\" class=\"wp-image-1008\" srcset=\"https:\/\/hofrfoto.cz\/wp-content\/uploads\/2018\/08\/DSC_0130-2-1024x683.jpg 1024w, https:\/\/hofrfoto.cz\/wp-content\/uploads\/2018\/08\/DSC_0130-2-300x200.jpg 300w, https:\/\/hofrfoto.cz\/wp-content\/uploads\/2018\/08\/DSC_0130-2-768x512.jpg 768w, https:\/\/hofrfoto.cz\/wp-content\/uploads\/2018\/08\/DSC_0130-2.jpg 1200w\" sizes=\"(max-width: 1024px) 100vw, 1024px\" \/><\/a><\/figure><\/li><li class=\"blocks-gallery-item\"><figure><a  href=\"http:\/\/hofrfoto.cz\/wp-content\/uploads\/2018\/08\/DSC_0146-2-1024x683.jpg\" data-rel=\"lightbox-gallery-0\" data-rl_title=\"DSC_0146\" data-rl_caption=\"DSC_0146\" title=\"DSC_0146\"><img loading=\"lazy\" decoding=\"async\" width=\"1024\" height=\"683\" src=\"http:\/\/hofrfoto.cz\/wp-content\/uploads\/2018\/08\/DSC_0146-2-1024x683.jpg\" alt=\"\" data-id=\"1009\" data-link=\"http:\/\/hofrfoto.cz\/2018\/08\/18\/51-rocnik-hudebne-svestkoveho-festivalu-vizovicke-trnkobrani-17-18-8-2018-vizovice\/dsc_0146-4\/\" class=\"wp-image-1009\" srcset=\"https:\/\/hofrfoto.cz\/wp-content\/uploads\/2018\/08\/DSC_0146-2-1024x683.jpg 1024w, https:\/\/hofrfoto.cz\/wp-content\/uploads\/2018\/08\/DSC_0146-2-300x200.jpg 300w, https:\/\/hofrfoto.cz\/wp-content\/uploads\/2018\/08\/DSC_0146-2-768x512.jpg 768w, https:\/\/hofrfoto.cz\/wp-content\/uploads\/2018\/08\/DSC_0146-2.jpg 1200w\" sizes=\"(max-width: 1024px) 100vw, 1024px\" \/><\/a><\/figure><\/li><li class=\"blocks-gallery-item\"><figure><a  href=\"http:\/\/hofrfoto.cz\/wp-content\/uploads\/2018\/08\/DSC_0148-2-1024x683.jpg\" data-rel=\"lightbox-gallery-0\" data-rl_title=\"DSC_0148\" data-rl_caption=\"DSC_0148\" title=\"DSC_0148\"><img loading=\"lazy\" decoding=\"async\" width=\"1024\" height=\"683\" src=\"http:\/\/hofrfoto.cz\/wp-content\/uploads\/2018\/08\/DSC_0148-2-1024x683.jpg\" alt=\"\" data-id=\"1010\" data-link=\"http:\/\/hofrfoto.cz\/2018\/08\/18\/51-rocnik-hudebne-svestkoveho-festivalu-vizovicke-trnkobrani-17-18-8-2018-vizovice\/dsc_0148-3\/\" class=\"wp-image-1010\" srcset=\"https:\/\/hofrfoto.cz\/wp-content\/uploads\/2018\/08\/DSC_0148-2-1024x683.jpg 1024w, https:\/\/hofrfoto.cz\/wp-content\/uploads\/2018\/08\/DSC_0148-2-300x200.jpg 300w, https:\/\/hofrfoto.cz\/wp-content\/uploads\/2018\/08\/DSC_0148-2-768x512.jpg 768w, https:\/\/hofrfoto.cz\/wp-content\/uploads\/2018\/08\/DSC_0148-2.jpg 1200w\" sizes=\"(max-width: 1024px) 100vw, 1024px\" \/><\/a><\/figure><\/li><li class=\"blocks-gallery-item\"><figure><a  href=\"http:\/\/hofrfoto.cz\/wp-content\/uploads\/2018\/08\/DSC_0150-2-1024x683.jpg\" data-rel=\"lightbox-gallery-0\" data-rl_title=\"DSC_0150\" data-rl_caption=\"DSC_0150\" title=\"DSC_0150\"><img loading=\"lazy\" decoding=\"async\" width=\"1024\" height=\"683\" src=\"http:\/\/hofrfoto.cz\/wp-content\/uploads\/2018\/08\/DSC_0150-2-1024x683.jpg\" alt=\"\" data-id=\"1011\" data-link=\"http:\/\/hofrfoto.cz\/2018\/08\/18\/51-rocnik-hudebne-svestkoveho-festivalu-vizovicke-trnkobrani-17-18-8-2018-vizovice\/dsc_0150-4\/\" class=\"wp-image-1011\" srcset=\"https:\/\/hofrfoto.cz\/wp-content\/uploads\/2018\/08\/DSC_0150-2-1024x683.jpg 1024w, https:\/\/hofrfoto.cz\/wp-content\/uploads\/2018\/08\/DSC_0150-2-300x200.jpg 300w, https:\/\/hofrfoto.cz\/wp-content\/uploads\/2018\/08\/DSC_0150-2-768x512.jpg 768w, https:\/\/hofrfoto.cz\/wp-content\/uploads\/2018\/08\/DSC_0150-2.jpg 1200w\" sizes=\"(max-width: 1024px) 100vw, 1024px\" \/><\/a><\/figure><\/li><li class=\"blocks-gallery-item\"><figure><a  href=\"http:\/\/hofrfoto.cz\/wp-content\/uploads\/2018\/08\/DSC_0151-2-1024x683.jpg\" data-rel=\"lightbox-gallery-0\" data-rl_title=\"DSC_0151\" data-rl_caption=\"DSC_0151\" title=\"DSC_0151\"><img loading=\"lazy\" decoding=\"async\" width=\"1024\" height=\"683\" src=\"http:\/\/hofrfoto.cz\/wp-content\/uploads\/2018\/08\/DSC_0151-2-1024x683.jpg\" alt=\"\" data-id=\"1012\" data-link=\"http:\/\/hofrfoto.cz\/2018\/08\/18\/51-rocnik-hudebne-svestkoveho-festivalu-vizovicke-trnkobrani-17-18-8-2018-vizovice\/dsc_0151-4\/\" class=\"wp-image-1012\" srcset=\"https:\/\/hofrfoto.cz\/wp-content\/uploads\/2018\/08\/DSC_0151-2-1024x683.jpg 1024w, https:\/\/hofrfoto.cz\/wp-content\/uploads\/2018\/08\/DSC_0151-2-300x200.jpg 300w, https:\/\/hofrfoto.cz\/wp-content\/uploads\/2018\/08\/DSC_0151-2-768x512.jpg 768w, https:\/\/hofrfoto.cz\/wp-content\/uploads\/2018\/08\/DSC_0151-2.jpg 1200w\" sizes=\"(max-width: 1024px) 100vw, 1024px\" \/><\/a><\/figure><\/li><li class=\"blocks-gallery-item\"><figure><a  href=\"http:\/\/hofrfoto.cz\/wp-content\/uploads\/2018\/08\/DSC_0153-2-1024x683.jpg\" data-rel=\"lightbox-gallery-0\" data-rl_title=\"DSC_0153\" data-rl_caption=\"DSC_0153\" title=\"DSC_0153\"><img loading=\"lazy\" decoding=\"async\" width=\"1024\" height=\"683\" src=\"http:\/\/hofrfoto.cz\/wp-content\/uploads\/2018\/08\/DSC_0153-2-1024x683.jpg\" alt=\"\" data-id=\"1013\" data-link=\"http:\/\/hofrfoto.cz\/2018\/08\/18\/51-rocnik-hudebne-svestkoveho-festivalu-vizovicke-trnkobrani-17-18-8-2018-vizovice\/dsc_0153-4\/\" class=\"wp-image-1013\" srcset=\"https:\/\/hofrfoto.cz\/wp-content\/uploads\/2018\/08\/DSC_0153-2-1024x683.jpg 1024w, https:\/\/hofrfoto.cz\/wp-content\/uploads\/2018\/08\/DSC_0153-2-300x200.jpg 300w, https:\/\/hofrfoto.cz\/wp-content\/uploads\/2018\/08\/DSC_0153-2-768x512.jpg 768w, https:\/\/hofrfoto.cz\/wp-content\/uploads\/2018\/08\/DSC_0153-2.jpg 1200w\" sizes=\"(max-width: 1024px) 100vw, 1024px\" \/><\/a><\/figure><\/li><li class=\"blocks-gallery-item\"><figure><a  href=\"http:\/\/hofrfoto.cz\/wp-content\/uploads\/2018\/08\/DSC_0159-2-1024x683.jpg\" data-rel=\"lightbox-gallery-0\" data-rl_title=\"DSC_0159\" data-rl_caption=\"DSC_0159\" title=\"DSC_0159\"><img loading=\"lazy\" decoding=\"async\" width=\"1024\" height=\"683\" src=\"http:\/\/hofrfoto.cz\/wp-content\/uploads\/2018\/08\/DSC_0159-2-1024x683.jpg\" alt=\"\" data-id=\"1014\" data-link=\"http:\/\/hofrfoto.cz\/2018\/08\/18\/51-rocnik-hudebne-svestkoveho-festivalu-vizovicke-trnkobrani-17-18-8-2018-vizovice\/dsc_0159-6\/\" class=\"wp-image-1014\" srcset=\"https:\/\/hofrfoto.cz\/wp-content\/uploads\/2018\/08\/DSC_0159-2-1024x683.jpg 1024w, https:\/\/hofrfoto.cz\/wp-content\/uploads\/2018\/08\/DSC_0159-2-300x200.jpg 300w, https:\/\/hofrfoto.cz\/wp-content\/uploads\/2018\/08\/DSC_0159-2-768x512.jpg 768w, https:\/\/hofrfoto.cz\/wp-content\/uploads\/2018\/08\/DSC_0159-2.jpg 1200w\" sizes=\"(max-width: 1024px) 100vw, 1024px\" \/><\/a><\/figure><\/li><li class=\"blocks-gallery-item\"><figure><a  href=\"http:\/\/hofrfoto.cz\/wp-content\/uploads\/2018\/08\/DSC_0162-2-1024x683.jpg\" data-rel=\"lightbox-gallery-0\" data-rl_title=\"DSC_0162\" data-rl_caption=\"DSC_0162\" title=\"DSC_0162\"><img loading=\"lazy\" decoding=\"async\" width=\"1024\" height=\"683\" src=\"http:\/\/hofrfoto.cz\/wp-content\/uploads\/2018\/08\/DSC_0162-2-1024x683.jpg\" alt=\"\" data-id=\"1015\" data-link=\"http:\/\/hofrfoto.cz\/2018\/08\/18\/51-rocnik-hudebne-svestkoveho-festivalu-vizovicke-trnkobrani-17-18-8-2018-vizovice\/dsc_0162-4\/\" class=\"wp-image-1015\" srcset=\"https:\/\/hofrfoto.cz\/wp-content\/uploads\/2018\/08\/DSC_0162-2-1024x683.jpg 1024w, https:\/\/hofrfoto.cz\/wp-content\/uploads\/2018\/08\/DSC_0162-2-300x200.jpg 300w, https:\/\/hofrfoto.cz\/wp-content\/uploads\/2018\/08\/DSC_0162-2-768x512.jpg 768w, https:\/\/hofrfoto.cz\/wp-content\/uploads\/2018\/08\/DSC_0162-2.jpg 1200w\" sizes=\"(max-width: 1024px) 100vw, 1024px\" \/><\/a><\/figure><\/li><li class=\"blocks-gallery-item\"><figure><a  href=\"http:\/\/hofrfoto.cz\/wp-content\/uploads\/2018\/08\/DSC_0173-2-1024x683.jpg\" data-rel=\"lightbox-gallery-0\" data-rl_title=\"DSC_0173\" data-rl_caption=\"DSC_0173\" title=\"DSC_0173\"><img loading=\"lazy\" decoding=\"async\" width=\"1024\" height=\"683\" src=\"http:\/\/hofrfoto.cz\/wp-content\/uploads\/2018\/08\/DSC_0173-2-1024x683.jpg\" alt=\"\" data-id=\"1016\" data-link=\"http:\/\/hofrfoto.cz\/2018\/08\/18\/51-rocnik-hudebne-svestkoveho-festivalu-vizovicke-trnkobrani-17-18-8-2018-vizovice\/dsc_0173-6\/\" class=\"wp-image-1016\" srcset=\"https:\/\/hofrfoto.cz\/wp-content\/uploads\/2018\/08\/DSC_0173-2-1024x683.jpg 1024w, https:\/\/hofrfoto.cz\/wp-content\/uploads\/2018\/08\/DSC_0173-2-300x200.jpg 300w, https:\/\/hofrfoto.cz\/wp-content\/uploads\/2018\/08\/DSC_0173-2-768x512.jpg 768w, https:\/\/hofrfoto.cz\/wp-content\/uploads\/2018\/08\/DSC_0173-2.jpg 1200w\" sizes=\"(max-width: 1024px) 100vw, 1024px\" \/><\/a><\/figure><\/li><li class=\"blocks-gallery-item\"><figure><a  href=\"http:\/\/hofrfoto.cz\/wp-content\/uploads\/2018\/08\/DSC_0193-2-1024x683.jpg\" data-rel=\"lightbox-gallery-0\" data-rl_title=\"DSC_0193\" data-rl_caption=\"DSC_0193\" title=\"DSC_0193\"><img loading=\"lazy\" decoding=\"async\" width=\"1024\" height=\"683\" src=\"http:\/\/hofrfoto.cz\/wp-content\/uploads\/2018\/08\/DSC_0193-2-1024x683.jpg\" alt=\"\" data-id=\"1017\" data-link=\"http:\/\/hofrfoto.cz\/2018\/08\/18\/51-rocnik-hudebne-svestkoveho-festivalu-vizovicke-trnkobrani-17-18-8-2018-vizovice\/dsc_0193-4\/\" class=\"wp-image-1017\" srcset=\"https:\/\/hofrfoto.cz\/wp-content\/uploads\/2018\/08\/DSC_0193-2-1024x683.jpg 1024w, https:\/\/hofrfoto.cz\/wp-content\/uploads\/2018\/08\/DSC_0193-2-300x200.jpg 300w, https:\/\/hofrfoto.cz\/wp-content\/uploads\/2018\/08\/DSC_0193-2-768x512.jpg 768w, https:\/\/hofrfoto.cz\/wp-content\/uploads\/2018\/08\/DSC_0193-2.jpg 1200w\" sizes=\"(max-width: 1024px) 100vw, 1024px\" \/><\/a><\/figure><\/li><li class=\"blocks-gallery-item\"><figure><a  href=\"http:\/\/hofrfoto.cz\/wp-content\/uploads\/2018\/08\/DSC_0196-2-1024x683.jpg\" data-rel=\"lightbox-gallery-0\" data-rl_title=\"DSC_0196\" data-rl_caption=\"DSC_0196\" title=\"DSC_0196\"><img loading=\"lazy\" decoding=\"async\" width=\"1024\" height=\"683\" src=\"http:\/\/hofrfoto.cz\/wp-content\/uploads\/2018\/08\/DSC_0196-2-1024x683.jpg\" alt=\"\" data-id=\"1018\" data-link=\"http:\/\/hofrfoto.cz\/2018\/08\/18\/51-rocnik-hudebne-svestkoveho-festivalu-vizovicke-trnkobrani-17-18-8-2018-vizovice\/dsc_0196-4\/\" class=\"wp-image-1018\" srcset=\"https:\/\/hofrfoto.cz\/wp-content\/uploads\/2018\/08\/DSC_0196-2-1024x683.jpg 1024w, https:\/\/hofrfoto.cz\/wp-content\/uploads\/2018\/08\/DSC_0196-2-300x200.jpg 300w, https:\/\/hofrfoto.cz\/wp-content\/uploads\/2018\/08\/DSC_0196-2-768x512.jpg 768w, https:\/\/hofrfoto.cz\/wp-content\/uploads\/2018\/08\/DSC_0196-2.jpg 1200w\" sizes=\"(max-width: 1024px) 100vw, 1024px\" \/><\/a><\/figure><\/li><li class=\"blocks-gallery-item\"><figure><a  href=\"http:\/\/hofrfoto.cz\/wp-content\/uploads\/2018\/08\/DSC_0197-2-1024x683.jpg\" data-rel=\"lightbox-gallery-0\" data-rl_title=\"DSC_0197\" data-rl_caption=\"DSC_0197\" title=\"DSC_0197\"><img loading=\"lazy\" decoding=\"async\" width=\"1024\" height=\"683\" src=\"http:\/\/hofrfoto.cz\/wp-content\/uploads\/2018\/08\/DSC_0197-2-1024x683.jpg\" alt=\"\" data-id=\"1019\" data-link=\"http:\/\/hofrfoto.cz\/2018\/08\/18\/51-rocnik-hudebne-svestkoveho-festivalu-vizovicke-trnkobrani-17-18-8-2018-vizovice\/dsc_0197-5\/\" class=\"wp-image-1019\" srcset=\"https:\/\/hofrfoto.cz\/wp-content\/uploads\/2018\/08\/DSC_0197-2-1024x683.jpg 1024w, https:\/\/hofrfoto.cz\/wp-content\/uploads\/2018\/08\/DSC_0197-2-300x200.jpg 300w, https:\/\/hofrfoto.cz\/wp-content\/uploads\/2018\/08\/DSC_0197-2-768x512.jpg 768w, https:\/\/hofrfoto.cz\/wp-content\/uploads\/2018\/08\/DSC_0197-2.jpg 1200w\" sizes=\"(max-width: 1024px) 100vw, 1024px\" \/><\/a><\/figure><\/li><li class=\"blocks-gallery-item\"><figure><a  href=\"http:\/\/hofrfoto.cz\/wp-content\/uploads\/2018\/08\/DSC_0200-2-1024x683.jpg\" data-rel=\"lightbox-gallery-0\" data-rl_title=\"DSC_0200\" data-rl_caption=\"DSC_0200\" title=\"DSC_0200\"><img loading=\"lazy\" decoding=\"async\" width=\"1024\" height=\"683\" src=\"http:\/\/hofrfoto.cz\/wp-content\/uploads\/2018\/08\/DSC_0200-2-1024x683.jpg\" alt=\"\" data-id=\"1020\" data-link=\"http:\/\/hofrfoto.cz\/2018\/08\/18\/51-rocnik-hudebne-svestkoveho-festivalu-vizovicke-trnkobrani-17-18-8-2018-vizovice\/dsc_0200-4\/\" class=\"wp-image-1020\" srcset=\"https:\/\/hofrfoto.cz\/wp-content\/uploads\/2018\/08\/DSC_0200-2-1024x683.jpg 1024w, https:\/\/hofrfoto.cz\/wp-content\/uploads\/2018\/08\/DSC_0200-2-300x200.jpg 300w, https:\/\/hofrfoto.cz\/wp-content\/uploads\/2018\/08\/DSC_0200-2-768x512.jpg 768w, https:\/\/hofrfoto.cz\/wp-content\/uploads\/2018\/08\/DSC_0200-2.jpg 1200w\" sizes=\"(max-width: 1024px) 100vw, 1024px\" \/><\/a><\/figure><\/li><li class=\"blocks-gallery-item\"><figure><a  href=\"http:\/\/hofrfoto.cz\/wp-content\/uploads\/2018\/08\/DSC_0201-2-1024x683.jpg\" data-rel=\"lightbox-gallery-0\" data-rl_title=\"DSC_0201\" data-rl_caption=\"DSC_0201\" title=\"DSC_0201\"><img loading=\"lazy\" decoding=\"async\" width=\"1024\" height=\"683\" src=\"http:\/\/hofrfoto.cz\/wp-content\/uploads\/2018\/08\/DSC_0201-2-1024x683.jpg\" alt=\"\" data-id=\"1021\" data-link=\"http:\/\/hofrfoto.cz\/2018\/08\/18\/51-rocnik-hudebne-svestkoveho-festivalu-vizovicke-trnkobrani-17-18-8-2018-vizovice\/dsc_0201-4\/\" class=\"wp-image-1021\" srcset=\"https:\/\/hofrfoto.cz\/wp-content\/uploads\/2018\/08\/DSC_0201-2-1024x683.jpg 1024w, https:\/\/hofrfoto.cz\/wp-content\/uploads\/2018\/08\/DSC_0201-2-300x200.jpg 300w, https:\/\/hofrfoto.cz\/wp-content\/uploads\/2018\/08\/DSC_0201-2-768x512.jpg 768w, https:\/\/hofrfoto.cz\/wp-content\/uploads\/2018\/08\/DSC_0201-2.jpg 1200w\" sizes=\"(max-width: 1024px) 100vw, 1024px\" \/><\/a><\/figure><\/li><li class=\"blocks-gallery-item\"><figure><a  href=\"http:\/\/hofrfoto.cz\/wp-content\/uploads\/2018\/08\/DSC_0213-2-1024x683.jpg\" data-rel=\"lightbox-gallery-0\" data-rl_title=\"DSC_0213\" data-rl_caption=\"DSC_0213\" title=\"DSC_0213\"><img loading=\"lazy\" decoding=\"async\" width=\"1024\" height=\"683\" src=\"http:\/\/hofrfoto.cz\/wp-content\/uploads\/2018\/08\/DSC_0213-2-1024x683.jpg\" alt=\"\" data-id=\"1022\" data-link=\"http:\/\/hofrfoto.cz\/2018\/08\/18\/51-rocnik-hudebne-svestkoveho-festivalu-vizovicke-trnkobrani-17-18-8-2018-vizovice\/dsc_0213-5\/\" class=\"wp-image-1022\" srcset=\"https:\/\/hofrfoto.cz\/wp-content\/uploads\/2018\/08\/DSC_0213-2-1024x683.jpg 1024w, https:\/\/hofrfoto.cz\/wp-content\/uploads\/2018\/08\/DSC_0213-2-300x200.jpg 300w, https:\/\/hofrfoto.cz\/wp-content\/uploads\/2018\/08\/DSC_0213-2-768x512.jpg 768w, https:\/\/hofrfoto.cz\/wp-content\/uploads\/2018\/08\/DSC_0213-2.jpg 1200w\" sizes=\"(max-width: 1024px) 100vw, 1024px\" \/><\/a><\/figure><\/li><li class=\"blocks-gallery-item\"><figure><a  href=\"http:\/\/hofrfoto.cz\/wp-content\/uploads\/2018\/08\/DSC_0219-2-1024x683.jpg\" data-rel=\"lightbox-gallery-0\" data-rl_title=\"DSC_0219\" data-rl_caption=\"DSC_0219\" title=\"DSC_0219\"><img loading=\"lazy\" decoding=\"async\" width=\"1024\" height=\"683\" src=\"http:\/\/hofrfoto.cz\/wp-content\/uploads\/2018\/08\/DSC_0219-2-1024x683.jpg\" alt=\"\" data-id=\"1023\" data-link=\"http:\/\/hofrfoto.cz\/2018\/08\/18\/51-rocnik-hudebne-svestkoveho-festivalu-vizovicke-trnkobrani-17-18-8-2018-vizovice\/dsc_0219-3\/\" class=\"wp-image-1023\" srcset=\"https:\/\/hofrfoto.cz\/wp-content\/uploads\/2018\/08\/DSC_0219-2-1024x683.jpg 1024w, https:\/\/hofrfoto.cz\/wp-content\/uploads\/2018\/08\/DSC_0219-2-300x200.jpg 300w, https:\/\/hofrfoto.cz\/wp-content\/uploads\/2018\/08\/DSC_0219-2-768x512.jpg 768w, https:\/\/hofrfoto.cz\/wp-content\/uploads\/2018\/08\/DSC_0219-2.jpg 1200w\" sizes=\"(max-width: 1024px) 100vw, 1024px\" \/><\/a><\/figure><\/li><li class=\"blocks-gallery-item\"><figure><a  href=\"http:\/\/hofrfoto.cz\/wp-content\/uploads\/2018\/08\/DSC_0231-2-1024x683.jpg\" data-rel=\"lightbox-gallery-0\" data-rl_title=\"DSC_0231\" data-rl_caption=\"DSC_0231\" title=\"DSC_0231\"><img loading=\"lazy\" decoding=\"async\" width=\"1024\" height=\"683\" src=\"http:\/\/hofrfoto.cz\/wp-content\/uploads\/2018\/08\/DSC_0231-2-1024x683.jpg\" alt=\"\" data-id=\"1024\" data-link=\"http:\/\/hofrfoto.cz\/2018\/08\/18\/51-rocnik-hudebne-svestkoveho-festivalu-vizovicke-trnkobrani-17-18-8-2018-vizovice\/dsc_0231-6\/\" class=\"wp-image-1024\" srcset=\"https:\/\/hofrfoto.cz\/wp-content\/uploads\/2018\/08\/DSC_0231-2-1024x683.jpg 1024w, https:\/\/hofrfoto.cz\/wp-content\/uploads\/2018\/08\/DSC_0231-2-300x200.jpg 300w, https:\/\/hofrfoto.cz\/wp-content\/uploads\/2018\/08\/DSC_0231-2-768x512.jpg 768w, https:\/\/hofrfoto.cz\/wp-content\/uploads\/2018\/08\/DSC_0231-2.jpg 1200w\" sizes=\"(max-width: 1024px) 100vw, 1024px\" \/><\/a><\/figure><\/li><li class=\"blocks-gallery-item\"><figure><a  href=\"http:\/\/hofrfoto.cz\/wp-content\/uploads\/2018\/08\/DSC_0232-2-1024x683.jpg\" data-rel=\"lightbox-gallery-0\" data-rl_title=\"DSC_0232\" data-rl_caption=\"DSC_0232\" title=\"DSC_0232\"><img loading=\"lazy\" decoding=\"async\" width=\"1024\" height=\"683\" src=\"http:\/\/hofrfoto.cz\/wp-content\/uploads\/2018\/08\/DSC_0232-2-1024x683.jpg\" alt=\"\" data-id=\"1025\" data-link=\"http:\/\/hofrfoto.cz\/2018\/08\/18\/51-rocnik-hudebne-svestkoveho-festivalu-vizovicke-trnkobrani-17-18-8-2018-vizovice\/dsc_0232-3\/\" class=\"wp-image-1025\" srcset=\"https:\/\/hofrfoto.cz\/wp-content\/uploads\/2018\/08\/DSC_0232-2-1024x683.jpg 1024w, https:\/\/hofrfoto.cz\/wp-content\/uploads\/2018\/08\/DSC_0232-2-300x200.jpg 300w, https:\/\/hofrfoto.cz\/wp-content\/uploads\/2018\/08\/DSC_0232-2-768x512.jpg 768w, https:\/\/hofrfoto.cz\/wp-content\/uploads\/2018\/08\/DSC_0232-2.jpg 1200w\" sizes=\"(max-width: 1024px) 100vw, 1024px\" \/><\/a><\/figure><\/li><li class=\"blocks-gallery-item\"><figure><a  href=\"http:\/\/hofrfoto.cz\/wp-content\/uploads\/2018\/08\/DSC_0237-2-1024x683.jpg\" data-rel=\"lightbox-gallery-0\" data-rl_title=\"DSC_0237\" data-rl_caption=\"DSC_0237\" title=\"DSC_0237\"><img loading=\"lazy\" decoding=\"async\" width=\"1024\" height=\"683\" src=\"http:\/\/hofrfoto.cz\/wp-content\/uploads\/2018\/08\/DSC_0237-2-1024x683.jpg\" alt=\"\" data-id=\"1026\" data-link=\"http:\/\/hofrfoto.cz\/2018\/08\/18\/51-rocnik-hudebne-svestkoveho-festivalu-vizovicke-trnkobrani-17-18-8-2018-vizovice\/dsc_0237-3\/\" class=\"wp-image-1026\" srcset=\"https:\/\/hofrfoto.cz\/wp-content\/uploads\/2018\/08\/DSC_0237-2-1024x683.jpg 1024w, https:\/\/hofrfoto.cz\/wp-content\/uploads\/2018\/08\/DSC_0237-2-300x200.jpg 300w, https:\/\/hofrfoto.cz\/wp-content\/uploads\/2018\/08\/DSC_0237-2-768x512.jpg 768w, https:\/\/hofrfoto.cz\/wp-content\/uploads\/2018\/08\/DSC_0237-2.jpg 1200w\" sizes=\"(max-width: 1024px) 100vw, 1024px\" \/><\/a><\/figure><\/li><li class=\"blocks-gallery-item\"><figure><a  href=\"http:\/\/hofrfoto.cz\/wp-content\/uploads\/2018\/08\/DSC_0242-2-1024x683.jpg\" data-rel=\"lightbox-gallery-0\" data-rl_title=\"DSC_0242\" data-rl_caption=\"DSC_0242\" title=\"DSC_0242\"><img loading=\"lazy\" decoding=\"async\" width=\"1024\" height=\"683\" src=\"http:\/\/hofrfoto.cz\/wp-content\/uploads\/2018\/08\/DSC_0242-2-1024x683.jpg\" alt=\"\" data-id=\"1027\" data-link=\"http:\/\/hofrfoto.cz\/2018\/08\/18\/51-rocnik-hudebne-svestkoveho-festivalu-vizovicke-trnkobrani-17-18-8-2018-vizovice\/dsc_0242-3\/\" class=\"wp-image-1027\" srcset=\"https:\/\/hofrfoto.cz\/wp-content\/uploads\/2018\/08\/DSC_0242-2-1024x683.jpg 1024w, https:\/\/hofrfoto.cz\/wp-content\/uploads\/2018\/08\/DSC_0242-2-300x200.jpg 300w, https:\/\/hofrfoto.cz\/wp-content\/uploads\/2018\/08\/DSC_0242-2-768x512.jpg 768w, https:\/\/hofrfoto.cz\/wp-content\/uploads\/2018\/08\/DSC_0242-2.jpg 1200w\" sizes=\"(max-width: 1024px) 100vw, 1024px\" \/><\/a><\/figure><\/li><li class=\"blocks-gallery-item\"><figure><a  href=\"http:\/\/hofrfoto.cz\/wp-content\/uploads\/2018\/08\/DSC_0273-2-1024x683.jpg\" data-rel=\"lightbox-gallery-0\" data-rl_title=\"DSC_0273\" data-rl_caption=\"DSC_0273\" title=\"DSC_0273\"><img loading=\"lazy\" decoding=\"async\" width=\"1024\" height=\"683\" src=\"http:\/\/hofrfoto.cz\/wp-content\/uploads\/2018\/08\/DSC_0273-2-1024x683.jpg\" alt=\"\" data-id=\"1028\" data-link=\"http:\/\/hofrfoto.cz\/2018\/08\/18\/51-rocnik-hudebne-svestkoveho-festivalu-vizovicke-trnkobrani-17-18-8-2018-vizovice\/dsc_0273-3\/\" class=\"wp-image-1028\" srcset=\"https:\/\/hofrfoto.cz\/wp-content\/uploads\/2018\/08\/DSC_0273-2-1024x683.jpg 1024w, https:\/\/hofrfoto.cz\/wp-content\/uploads\/2018\/08\/DSC_0273-2-300x200.jpg 300w, https:\/\/hofrfoto.cz\/wp-content\/uploads\/2018\/08\/DSC_0273-2-768x512.jpg 768w, https:\/\/hofrfoto.cz\/wp-content\/uploads\/2018\/08\/DSC_0273-2.jpg 1200w\" sizes=\"(max-width: 1024px) 100vw, 1024px\" \/><\/a><\/figure><\/li><li class=\"blocks-gallery-item\"><figure><a  href=\"http:\/\/hofrfoto.cz\/wp-content\/uploads\/2018\/08\/DSC_0283-2-1024x683.jpg\" data-rel=\"lightbox-gallery-0\" data-rl_title=\"DSC_0283\" data-rl_caption=\"DSC_0283\" title=\"DSC_0283\"><img loading=\"lazy\" decoding=\"async\" width=\"1024\" height=\"683\" src=\"http:\/\/hofrfoto.cz\/wp-content\/uploads\/2018\/08\/DSC_0283-2-1024x683.jpg\" alt=\"\" data-id=\"1029\" data-link=\"http:\/\/hofrfoto.cz\/2018\/08\/18\/51-rocnik-hudebne-svestkoveho-festivalu-vizovicke-trnkobrani-17-18-8-2018-vizovice\/dsc_0283-6\/\" class=\"wp-image-1029\" srcset=\"https:\/\/hofrfoto.cz\/wp-content\/uploads\/2018\/08\/DSC_0283-2-1024x683.jpg 1024w, https:\/\/hofrfoto.cz\/wp-content\/uploads\/2018\/08\/DSC_0283-2-300x200.jpg 300w, https:\/\/hofrfoto.cz\/wp-content\/uploads\/2018\/08\/DSC_0283-2-768x512.jpg 768w, https:\/\/hofrfoto.cz\/wp-content\/uploads\/2018\/08\/DSC_0283-2.jpg 1200w\" sizes=\"(max-width: 1024px) 100vw, 1024px\" \/><\/a><\/figure><\/li><li class=\"blocks-gallery-item\"><figure><a  href=\"http:\/\/hofrfoto.cz\/wp-content\/uploads\/2018\/08\/DSC_0293-2-1024x683.jpg\" data-rel=\"lightbox-gallery-0\" data-rl_title=\"DSC_0293\" data-rl_caption=\"DSC_0293\" title=\"DSC_0293\"><img loading=\"lazy\" decoding=\"async\" width=\"1024\" height=\"683\" src=\"http:\/\/hofrfoto.cz\/wp-content\/uploads\/2018\/08\/DSC_0293-2-1024x683.jpg\" alt=\"\" data-id=\"1030\" data-link=\"http:\/\/hofrfoto.cz\/2018\/08\/18\/51-rocnik-hudebne-svestkoveho-festivalu-vizovicke-trnkobrani-17-18-8-2018-vizovice\/dsc_0293-3\/\" class=\"wp-image-1030\" srcset=\"https:\/\/hofrfoto.cz\/wp-content\/uploads\/2018\/08\/DSC_0293-2-1024x683.jpg 1024w, https:\/\/hofrfoto.cz\/wp-content\/uploads\/2018\/08\/DSC_0293-2-300x200.jpg 300w, https:\/\/hofrfoto.cz\/wp-content\/uploads\/2018\/08\/DSC_0293-2-768x512.jpg 768w, https:\/\/hofrfoto.cz\/wp-content\/uploads\/2018\/08\/DSC_0293-2.jpg 1200w\" sizes=\"(max-width: 1024px) 100vw, 1024px\" \/><\/a><\/figure><\/li><li class=\"blocks-gallery-item\"><figure><a  href=\"http:\/\/hofrfoto.cz\/wp-content\/uploads\/2018\/08\/DSC_0300-2-1024x683.jpg\" data-rel=\"lightbox-gallery-0\" data-rl_title=\"DSC_0300\" data-rl_caption=\"DSC_0300\" title=\"DSC_0300\"><img loading=\"lazy\" decoding=\"async\" width=\"1024\" height=\"683\" src=\"http:\/\/hofrfoto.cz\/wp-content\/uploads\/2018\/08\/DSC_0300-2-1024x683.jpg\" alt=\"\" data-id=\"1031\" data-link=\"http:\/\/hofrfoto.cz\/2018\/08\/18\/51-rocnik-hudebne-svestkoveho-festivalu-vizovicke-trnkobrani-17-18-8-2018-vizovice\/dsc_0300-4\/\" class=\"wp-image-1031\" srcset=\"https:\/\/hofrfoto.cz\/wp-content\/uploads\/2018\/08\/DSC_0300-2-1024x683.jpg 1024w, https:\/\/hofrfoto.cz\/wp-content\/uploads\/2018\/08\/DSC_0300-2-300x200.jpg 300w, https:\/\/hofrfoto.cz\/wp-content\/uploads\/2018\/08\/DSC_0300-2-768x512.jpg 768w, https:\/\/hofrfoto.cz\/wp-content\/uploads\/2018\/08\/DSC_0300-2.jpg 1200w\" sizes=\"(max-width: 1024px) 100vw, 1024px\" \/><\/a><\/figure><\/li><li class=\"blocks-gallery-item\"><figure><a  href=\"http:\/\/hofrfoto.cz\/wp-content\/uploads\/2018\/08\/DSC_0303-2-1024x683.jpg\" data-rel=\"lightbox-gallery-0\" data-rl_title=\"DSC_0303\" data-rl_caption=\"DSC_0303\" title=\"DSC_0303\"><img loading=\"lazy\" decoding=\"async\" width=\"1024\" height=\"683\" src=\"http:\/\/hofrfoto.cz\/wp-content\/uploads\/2018\/08\/DSC_0303-2-1024x683.jpg\" alt=\"\" data-id=\"1032\" data-link=\"http:\/\/hofrfoto.cz\/2018\/08\/18\/51-rocnik-hudebne-svestkoveho-festivalu-vizovicke-trnkobrani-17-18-8-2018-vizovice\/dsc_0303-3\/\" class=\"wp-image-1032\" srcset=\"https:\/\/hofrfoto.cz\/wp-content\/uploads\/2018\/08\/DSC_0303-2-1024x683.jpg 1024w, https:\/\/hofrfoto.cz\/wp-content\/uploads\/2018\/08\/DSC_0303-2-300x200.jpg 300w, https:\/\/hofrfoto.cz\/wp-content\/uploads\/2018\/08\/DSC_0303-2-768x512.jpg 768w, https:\/\/hofrfoto.cz\/wp-content\/uploads\/2018\/08\/DSC_0303-2.jpg 1200w\" sizes=\"(max-width: 1024px) 100vw, 1024px\" \/><\/a><\/figure><\/li><li class=\"blocks-gallery-item\"><figure><a  href=\"http:\/\/hofrfoto.cz\/wp-content\/uploads\/2018\/08\/DSC_0335-2-1024x683.jpg\" data-rel=\"lightbox-gallery-0\" data-rl_title=\"DSC_0335\" data-rl_caption=\"DSC_0335\" title=\"DSC_0335\"><img loading=\"lazy\" decoding=\"async\" width=\"1024\" height=\"683\" src=\"http:\/\/hofrfoto.cz\/wp-content\/uploads\/2018\/08\/DSC_0335-2-1024x683.jpg\" alt=\"\" data-id=\"1033\" data-link=\"http:\/\/hofrfoto.cz\/2018\/08\/18\/51-rocnik-hudebne-svestkoveho-festivalu-vizovicke-trnkobrani-17-18-8-2018-vizovice\/dsc_0335-3\/\" class=\"wp-image-1033\" srcset=\"https:\/\/hofrfoto.cz\/wp-content\/uploads\/2018\/08\/DSC_0335-2-1024x683.jpg 1024w, https:\/\/hofrfoto.cz\/wp-content\/uploads\/2018\/08\/DSC_0335-2-300x200.jpg 300w, https:\/\/hofrfoto.cz\/wp-content\/uploads\/2018\/08\/DSC_0335-2-768x512.jpg 768w, https:\/\/hofrfoto.cz\/wp-content\/uploads\/2018\/08\/DSC_0335-2.jpg 1200w\" sizes=\"(max-width: 1024px) 100vw, 1024px\" \/><\/a><\/figure><\/li><li class=\"blocks-gallery-item\"><figure><a  href=\"http:\/\/hofrfoto.cz\/wp-content\/uploads\/2018\/08\/DSC_0344-2-1024x683.jpg\" data-rel=\"lightbox-gallery-0\" data-rl_title=\"DSC_0344\" data-rl_caption=\"DSC_0344\" title=\"DSC_0344\"><img loading=\"lazy\" decoding=\"async\" width=\"1024\" height=\"683\" src=\"http:\/\/hofrfoto.cz\/wp-content\/uploads\/2018\/08\/DSC_0344-2-1024x683.jpg\" alt=\"\" data-id=\"1034\" data-link=\"http:\/\/hofrfoto.cz\/2018\/08\/18\/51-rocnik-hudebne-svestkoveho-festivalu-vizovicke-trnkobrani-17-18-8-2018-vizovice\/dsc_0344-3\/\" class=\"wp-image-1034\" srcset=\"https:\/\/hofrfoto.cz\/wp-content\/uploads\/2018\/08\/DSC_0344-2-1024x683.jpg 1024w, https:\/\/hofrfoto.cz\/wp-content\/uploads\/2018\/08\/DSC_0344-2-300x200.jpg 300w, https:\/\/hofrfoto.cz\/wp-content\/uploads\/2018\/08\/DSC_0344-2-768x512.jpg 768w, https:\/\/hofrfoto.cz\/wp-content\/uploads\/2018\/08\/DSC_0344-2.jpg 1200w\" sizes=\"(max-width: 1024px) 100vw, 1024px\" \/><\/a><\/figure><\/li><li class=\"blocks-gallery-item\"><figure><a  href=\"http:\/\/hofrfoto.cz\/wp-content\/uploads\/2018\/08\/DSC_0352-2-1024x683.jpg\" data-rel=\"lightbox-gallery-0\" data-rl_title=\"DSC_0352\" data-rl_caption=\"DSC_0352\" title=\"DSC_0352\"><img loading=\"lazy\" decoding=\"async\" width=\"1024\" height=\"683\" src=\"http:\/\/hofrfoto.cz\/wp-content\/uploads\/2018\/08\/DSC_0352-2-1024x683.jpg\" alt=\"\" data-id=\"1035\" data-link=\"http:\/\/hofrfoto.cz\/2018\/08\/18\/51-rocnik-hudebne-svestkoveho-festivalu-vizovicke-trnkobrani-17-18-8-2018-vizovice\/dsc_0352-3\/\" class=\"wp-image-1035\" srcset=\"https:\/\/hofrfoto.cz\/wp-content\/uploads\/2018\/08\/DSC_0352-2-1024x683.jpg 1024w, https:\/\/hofrfoto.cz\/wp-content\/uploads\/2018\/08\/DSC_0352-2-300x200.jpg 300w, https:\/\/hofrfoto.cz\/wp-content\/uploads\/2018\/08\/DSC_0352-2-768x512.jpg 768w, https:\/\/hofrfoto.cz\/wp-content\/uploads\/2018\/08\/DSC_0352-2.jpg 1200w\" sizes=\"(max-width: 1024px) 100vw, 1024px\" \/><\/a><\/figure><\/li><li class=\"blocks-gallery-item\"><figure><a  href=\"http:\/\/hofrfoto.cz\/wp-content\/uploads\/2018\/08\/DSC_0353-2-1024x683.jpg\" data-rel=\"lightbox-gallery-0\" data-rl_title=\"DSC_0353\" data-rl_caption=\"DSC_0353\" title=\"DSC_0353\"><img loading=\"lazy\" decoding=\"async\" width=\"1024\" height=\"683\" src=\"http:\/\/hofrfoto.cz\/wp-content\/uploads\/2018\/08\/DSC_0353-2-1024x683.jpg\" alt=\"\" data-id=\"1036\" data-link=\"http:\/\/hofrfoto.cz\/2018\/08\/18\/51-rocnik-hudebne-svestkoveho-festivalu-vizovicke-trnkobrani-17-18-8-2018-vizovice\/dsc_0353-3\/\" class=\"wp-image-1036\" srcset=\"https:\/\/hofrfoto.cz\/wp-content\/uploads\/2018\/08\/DSC_0353-2-1024x683.jpg 1024w, https:\/\/hofrfoto.cz\/wp-content\/uploads\/2018\/08\/DSC_0353-2-300x200.jpg 300w, https:\/\/hofrfoto.cz\/wp-content\/uploads\/2018\/08\/DSC_0353-2-768x512.jpg 768w, https:\/\/hofrfoto.cz\/wp-content\/uploads\/2018\/08\/DSC_0353-2.jpg 1200w\" sizes=\"(max-width: 1024px) 100vw, 1024px\" \/><\/a><\/figure><\/li><li class=\"blocks-gallery-item\"><figure><a  href=\"http:\/\/hofrfoto.cz\/wp-content\/uploads\/2018\/08\/DSC_0362-2-1024x683.jpg\" data-rel=\"lightbox-gallery-0\" data-rl_title=\"DSC_0362\" data-rl_caption=\"DSC_0362\" title=\"DSC_0362\"><img loading=\"lazy\" decoding=\"async\" width=\"1024\" height=\"683\" src=\"http:\/\/hofrfoto.cz\/wp-content\/uploads\/2018\/08\/DSC_0362-2-1024x683.jpg\" alt=\"\" data-id=\"1037\" data-link=\"http:\/\/hofrfoto.cz\/2018\/08\/18\/51-rocnik-hudebne-svestkoveho-festivalu-vizovicke-trnkobrani-17-18-8-2018-vizovice\/dsc_0362-3\/\" class=\"wp-image-1037\" srcset=\"https:\/\/hofrfoto.cz\/wp-content\/uploads\/2018\/08\/DSC_0362-2-1024x683.jpg 1024w, https:\/\/hofrfoto.cz\/wp-content\/uploads\/2018\/08\/DSC_0362-2-300x200.jpg 300w, https:\/\/hofrfoto.cz\/wp-content\/uploads\/2018\/08\/DSC_0362-2-768x512.jpg 768w, https:\/\/hofrfoto.cz\/wp-content\/uploads\/2018\/08\/DSC_0362-2.jpg 1200w\" sizes=\"(max-width: 1024px) 100vw, 1024px\" \/><\/a><\/figure><\/li><li class=\"blocks-gallery-item\"><figure><a  href=\"http:\/\/hofrfoto.cz\/wp-content\/uploads\/2018\/08\/DSC_0363-2-1024x683.jpg\" data-rel=\"lightbox-gallery-0\" data-rl_title=\"DSC_0363\" data-rl_caption=\"DSC_0363\" title=\"DSC_0363\"><img loading=\"lazy\" decoding=\"async\" width=\"1024\" height=\"683\" src=\"http:\/\/hofrfoto.cz\/wp-content\/uploads\/2018\/08\/DSC_0363-2-1024x683.jpg\" alt=\"\" data-id=\"1038\" data-link=\"http:\/\/hofrfoto.cz\/2018\/08\/18\/51-rocnik-hudebne-svestkoveho-festivalu-vizovicke-trnkobrani-17-18-8-2018-vizovice\/dsc_0363-3\/\" class=\"wp-image-1038\" srcset=\"https:\/\/hofrfoto.cz\/wp-content\/uploads\/2018\/08\/DSC_0363-2-1024x683.jpg 1024w, https:\/\/hofrfoto.cz\/wp-content\/uploads\/2018\/08\/DSC_0363-2-300x200.jpg 300w, https:\/\/hofrfoto.cz\/wp-content\/uploads\/2018\/08\/DSC_0363-2-768x512.jpg 768w, https:\/\/hofrfoto.cz\/wp-content\/uploads\/2018\/08\/DSC_0363-2.jpg 1200w\" sizes=\"(max-width: 1024px) 100vw, 1024px\" \/><\/a><\/figure><\/li><li class=\"blocks-gallery-item\"><figure><a  href=\"http:\/\/hofrfoto.cz\/wp-content\/uploads\/2018\/08\/DSC_0366-2-1024x683.jpg\" data-rel=\"lightbox-gallery-0\" data-rl_title=\"DSC_0366\" data-rl_caption=\"DSC_0366\" title=\"DSC_0366\"><img loading=\"lazy\" decoding=\"async\" width=\"1024\" height=\"683\" src=\"http:\/\/hofrfoto.cz\/wp-content\/uploads\/2018\/08\/DSC_0366-2-1024x683.jpg\" alt=\"\" data-id=\"1039\" data-link=\"http:\/\/hofrfoto.cz\/2018\/08\/18\/51-rocnik-hudebne-svestkoveho-festivalu-vizovicke-trnkobrani-17-18-8-2018-vizovice\/dsc_0366-5\/\" class=\"wp-image-1039\" srcset=\"https:\/\/hofrfoto.cz\/wp-content\/uploads\/2018\/08\/DSC_0366-2-1024x683.jpg 1024w, https:\/\/hofrfoto.cz\/wp-content\/uploads\/2018\/08\/DSC_0366-2-300x200.jpg 300w, https:\/\/hofrfoto.cz\/wp-content\/uploads\/2018\/08\/DSC_0366-2-768x512.jpg 768w, https:\/\/hofrfoto.cz\/wp-content\/uploads\/2018\/08\/DSC_0366-2.jpg 1200w\" sizes=\"(max-width: 1024px) 100vw, 1024px\" \/><\/a><\/figure><\/li><li class=\"blocks-gallery-item\"><figure><a  href=\"http:\/\/hofrfoto.cz\/wp-content\/uploads\/2018\/08\/DSC_0368-2-1024x683.jpg\" data-rel=\"lightbox-gallery-0\" data-rl_title=\"DSC_0368\" data-rl_caption=\"DSC_0368\" title=\"DSC_0368\"><img loading=\"lazy\" decoding=\"async\" width=\"1024\" height=\"683\" src=\"http:\/\/hofrfoto.cz\/wp-content\/uploads\/2018\/08\/DSC_0368-2-1024x683.jpg\" alt=\"\" data-id=\"1040\" data-link=\"http:\/\/hofrfoto.cz\/2018\/08\/18\/51-rocnik-hudebne-svestkoveho-festivalu-vizovicke-trnkobrani-17-18-8-2018-vizovice\/dsc_0368-3\/\" class=\"wp-image-1040\" srcset=\"https:\/\/hofrfoto.cz\/wp-content\/uploads\/2018\/08\/DSC_0368-2-1024x683.jpg 1024w, https:\/\/hofrfoto.cz\/wp-content\/uploads\/2018\/08\/DSC_0368-2-300x200.jpg 300w, https:\/\/hofrfoto.cz\/wp-content\/uploads\/2018\/08\/DSC_0368-2-768x512.jpg 768w, https:\/\/hofrfoto.cz\/wp-content\/uploads\/2018\/08\/DSC_0368-2.jpg 1200w\" sizes=\"(max-width: 1024px) 100vw, 1024px\" \/><\/a><\/figure><\/li><li class=\"blocks-gallery-item\"><figure><a  href=\"http:\/\/hofrfoto.cz\/wp-content\/uploads\/2018\/08\/DSC_0372-2-1024x683.jpg\" data-rel=\"lightbox-gallery-0\" data-rl_title=\"DSC_0372\" data-rl_caption=\"DSC_0372\" title=\"DSC_0372\"><img loading=\"lazy\" decoding=\"async\" width=\"1024\" height=\"683\" src=\"http:\/\/hofrfoto.cz\/wp-content\/uploads\/2018\/08\/DSC_0372-2-1024x683.jpg\" alt=\"\" data-id=\"1041\" data-link=\"http:\/\/hofrfoto.cz\/2018\/08\/18\/51-rocnik-hudebne-svestkoveho-festivalu-vizovicke-trnkobrani-17-18-8-2018-vizovice\/dsc_0372-3\/\" class=\"wp-image-1041\" srcset=\"https:\/\/hofrfoto.cz\/wp-content\/uploads\/2018\/08\/DSC_0372-2-1024x683.jpg 1024w, https:\/\/hofrfoto.cz\/wp-content\/uploads\/2018\/08\/DSC_0372-2-300x200.jpg 300w, https:\/\/hofrfoto.cz\/wp-content\/uploads\/2018\/08\/DSC_0372-2-768x512.jpg 768w, https:\/\/hofrfoto.cz\/wp-content\/uploads\/2018\/08\/DSC_0372-2.jpg 1200w\" sizes=\"(max-width: 1024px) 100vw, 1024px\" \/><\/a><\/figure><\/li><li class=\"blocks-gallery-item\"><figure><a  href=\"http:\/\/hofrfoto.cz\/wp-content\/uploads\/2018\/08\/DSC_0437-2-1024x683.jpg\" data-rel=\"lightbox-gallery-0\" data-rl_title=\"DSC_0437\" data-rl_caption=\"DSC_0437\" title=\"DSC_0437\"><img loading=\"lazy\" decoding=\"async\" width=\"1024\" height=\"683\" src=\"http:\/\/hofrfoto.cz\/wp-content\/uploads\/2018\/08\/DSC_0437-2-1024x683.jpg\" alt=\"\" data-id=\"1042\" data-link=\"http:\/\/hofrfoto.cz\/2018\/08\/18\/51-rocnik-hudebne-svestkoveho-festivalu-vizovicke-trnkobrani-17-18-8-2018-vizovice\/dsc_0437-3\/\" class=\"wp-image-1042\" srcset=\"https:\/\/hofrfoto.cz\/wp-content\/uploads\/2018\/08\/DSC_0437-2-1024x683.jpg 1024w, https:\/\/hofrfoto.cz\/wp-content\/uploads\/2018\/08\/DSC_0437-2-300x200.jpg 300w, https:\/\/hofrfoto.cz\/wp-content\/uploads\/2018\/08\/DSC_0437-2-768x512.jpg 768w, https:\/\/hofrfoto.cz\/wp-content\/uploads\/2018\/08\/DSC_0437-2.jpg 1200w\" sizes=\"(max-width: 1024px) 100vw, 1024px\" \/><\/a><\/figure><\/li><li class=\"blocks-gallery-item\"><figure><a  href=\"http:\/\/hofrfoto.cz\/wp-content\/uploads\/2018\/08\/DSC_0455-2-1024x683.jpg\" data-rel=\"lightbox-gallery-0\" data-rl_title=\"DSC_0455\" data-rl_caption=\"DSC_0455\" title=\"DSC_0455\"><img loading=\"lazy\" decoding=\"async\" width=\"1024\" height=\"683\" src=\"http:\/\/hofrfoto.cz\/wp-content\/uploads\/2018\/08\/DSC_0455-2-1024x683.jpg\" alt=\"\" data-id=\"1043\" data-link=\"http:\/\/hofrfoto.cz\/2018\/08\/18\/51-rocnik-hudebne-svestkoveho-festivalu-vizovicke-trnkobrani-17-18-8-2018-vizovice\/dsc_0455-3\/\" class=\"wp-image-1043\" srcset=\"https:\/\/hofrfoto.cz\/wp-content\/uploads\/2018\/08\/DSC_0455-2-1024x683.jpg 1024w, https:\/\/hofrfoto.cz\/wp-content\/uploads\/2018\/08\/DSC_0455-2-300x200.jpg 300w, https:\/\/hofrfoto.cz\/wp-content\/uploads\/2018\/08\/DSC_0455-2-768x512.jpg 768w, https:\/\/hofrfoto.cz\/wp-content\/uploads\/2018\/08\/DSC_0455-2.jpg 1200w\" sizes=\"(max-width: 1024px) 100vw, 1024px\" \/><\/a><\/figure><\/li><li class=\"blocks-gallery-item\"><figure><a  href=\"http:\/\/hofrfoto.cz\/wp-content\/uploads\/2018\/08\/DSC_0480-2-1024x683.jpg\" data-rel=\"lightbox-gallery-0\" data-rl_title=\"DSC_0480\" data-rl_caption=\"DSC_0480\" title=\"DSC_0480\"><img loading=\"lazy\" decoding=\"async\" width=\"1024\" height=\"683\" src=\"http:\/\/hofrfoto.cz\/wp-content\/uploads\/2018\/08\/DSC_0480-2-1024x683.jpg\" alt=\"\" data-id=\"1044\" data-link=\"http:\/\/hofrfoto.cz\/2018\/08\/18\/51-rocnik-hudebne-svestkoveho-festivalu-vizovicke-trnkobrani-17-18-8-2018-vizovice\/dsc_0480-3\/\" class=\"wp-image-1044\" srcset=\"https:\/\/hofrfoto.cz\/wp-content\/uploads\/2018\/08\/DSC_0480-2-1024x683.jpg 1024w, https:\/\/hofrfoto.cz\/wp-content\/uploads\/2018\/08\/DSC_0480-2-300x200.jpg 300w, https:\/\/hofrfoto.cz\/wp-content\/uploads\/2018\/08\/DSC_0480-2-768x512.jpg 768w, https:\/\/hofrfoto.cz\/wp-content\/uploads\/2018\/08\/DSC_0480-2.jpg 1200w\" sizes=\"(max-width: 1024px) 100vw, 1024px\" \/><\/a><\/figure><\/li><li class=\"blocks-gallery-item\"><figure><a  href=\"http:\/\/hofrfoto.cz\/wp-content\/uploads\/2018\/08\/DSC_0490-2-1024x683.jpg\" data-rel=\"lightbox-gallery-0\" data-rl_title=\"DSC_0490\" data-rl_caption=\"DSC_0490\" title=\"DSC_0490\"><img loading=\"lazy\" decoding=\"async\" width=\"1024\" height=\"683\" src=\"http:\/\/hofrfoto.cz\/wp-content\/uploads\/2018\/08\/DSC_0490-2-1024x683.jpg\" alt=\"\" data-id=\"1045\" data-link=\"http:\/\/hofrfoto.cz\/2018\/08\/18\/51-rocnik-hudebne-svestkoveho-festivalu-vizovicke-trnkobrani-17-18-8-2018-vizovice\/dsc_0490-3\/\" class=\"wp-image-1045\" srcset=\"https:\/\/hofrfoto.cz\/wp-content\/uploads\/2018\/08\/DSC_0490-2-1024x683.jpg 1024w, https:\/\/hofrfoto.cz\/wp-content\/uploads\/2018\/08\/DSC_0490-2-300x200.jpg 300w, https:\/\/hofrfoto.cz\/wp-content\/uploads\/2018\/08\/DSC_0490-2-768x512.jpg 768w, https:\/\/hofrfoto.cz\/wp-content\/uploads\/2018\/08\/DSC_0490-2.jpg 1200w\" sizes=\"(max-width: 1024px) 100vw, 1024px\" \/><\/a><\/figure><\/li><li class=\"blocks-gallery-item\"><figure><a  href=\"http:\/\/hofrfoto.cz\/wp-content\/uploads\/2018\/08\/DSC_0499-2-1024x683.jpg\" data-rel=\"lightbox-gallery-0\" data-rl_title=\"DSC_0499\" data-rl_caption=\"DSC_0499\" title=\"DSC_0499\"><img loading=\"lazy\" decoding=\"async\" width=\"1024\" height=\"683\" src=\"http:\/\/hofrfoto.cz\/wp-content\/uploads\/2018\/08\/DSC_0499-2-1024x683.jpg\" alt=\"\" data-id=\"1046\" data-link=\"http:\/\/hofrfoto.cz\/2018\/08\/18\/51-rocnik-hudebne-svestkoveho-festivalu-vizovicke-trnkobrani-17-18-8-2018-vizovice\/dsc_0499-3\/\" class=\"wp-image-1046\" srcset=\"https:\/\/hofrfoto.cz\/wp-content\/uploads\/2018\/08\/DSC_0499-2-1024x683.jpg 1024w, https:\/\/hofrfoto.cz\/wp-content\/uploads\/2018\/08\/DSC_0499-2-300x200.jpg 300w, https:\/\/hofrfoto.cz\/wp-content\/uploads\/2018\/08\/DSC_0499-2-768x512.jpg 768w, https:\/\/hofrfoto.cz\/wp-content\/uploads\/2018\/08\/DSC_0499-2.jpg 1200w\" sizes=\"(max-width: 1024px) 100vw, 1024px\" \/><\/a><\/figure><\/li><li class=\"blocks-gallery-item\"><figure><a  href=\"http:\/\/hofrfoto.cz\/wp-content\/uploads\/2018\/08\/DSC_0522-2-1024x683.jpg\" data-rel=\"lightbox-gallery-0\" data-rl_title=\"DSC_0522\" data-rl_caption=\"DSC_0522\" title=\"DSC_0522\"><img loading=\"lazy\" decoding=\"async\" width=\"1024\" height=\"683\" src=\"http:\/\/hofrfoto.cz\/wp-content\/uploads\/2018\/08\/DSC_0522-2-1024x683.jpg\" alt=\"\" data-id=\"1047\" data-link=\"http:\/\/hofrfoto.cz\/2018\/08\/18\/51-rocnik-hudebne-svestkoveho-festivalu-vizovicke-trnkobrani-17-18-8-2018-vizovice\/dsc_0522-3\/\" class=\"wp-image-1047\" srcset=\"https:\/\/hofrfoto.cz\/wp-content\/uploads\/2018\/08\/DSC_0522-2-1024x683.jpg 1024w, https:\/\/hofrfoto.cz\/wp-content\/uploads\/2018\/08\/DSC_0522-2-300x200.jpg 300w, https:\/\/hofrfoto.cz\/wp-content\/uploads\/2018\/08\/DSC_0522-2-768x512.jpg 768w, https:\/\/hofrfoto.cz\/wp-content\/uploads\/2018\/08\/DSC_0522-2.jpg 1200w\" sizes=\"(max-width: 1024px) 100vw, 1024px\" \/><\/a><\/figure><\/li><li class=\"blocks-gallery-item\"><figure><a  href=\"http:\/\/hofrfoto.cz\/wp-content\/uploads\/2018\/08\/DSC_0531-2-1024x683.jpg\" data-rel=\"lightbox-gallery-0\" data-rl_title=\"DSC_0531\" data-rl_caption=\"DSC_0531\" title=\"DSC_0531\"><img loading=\"lazy\" decoding=\"async\" width=\"1024\" height=\"683\" src=\"http:\/\/hofrfoto.cz\/wp-content\/uploads\/2018\/08\/DSC_0531-2-1024x683.jpg\" alt=\"\" data-id=\"1048\" data-link=\"http:\/\/hofrfoto.cz\/2018\/08\/18\/51-rocnik-hudebne-svestkoveho-festivalu-vizovicke-trnkobrani-17-18-8-2018-vizovice\/dsc_0531-3\/\" class=\"wp-image-1048\" srcset=\"https:\/\/hofrfoto.cz\/wp-content\/uploads\/2018\/08\/DSC_0531-2-1024x683.jpg 1024w, https:\/\/hofrfoto.cz\/wp-content\/uploads\/2018\/08\/DSC_0531-2-300x200.jpg 300w, https:\/\/hofrfoto.cz\/wp-content\/uploads\/2018\/08\/DSC_0531-2-768x512.jpg 768w, https:\/\/hofrfoto.cz\/wp-content\/uploads\/2018\/08\/DSC_0531-2.jpg 1200w\" sizes=\"(max-width: 1024px) 100vw, 1024px\" \/><\/a><\/figure><\/li><li class=\"blocks-gallery-item\"><figure><a  href=\"http:\/\/hofrfoto.cz\/wp-content\/uploads\/2018\/08\/DSC_0533-2-1024x683.jpg\" data-rel=\"lightbox-gallery-0\" data-rl_title=\"DSC_0533\" data-rl_caption=\"DSC_0533\" title=\"DSC_0533\"><img loading=\"lazy\" decoding=\"async\" width=\"1024\" height=\"683\" src=\"http:\/\/hofrfoto.cz\/wp-content\/uploads\/2018\/08\/DSC_0533-2-1024x683.jpg\" alt=\"\" data-id=\"1049\" data-link=\"http:\/\/hofrfoto.cz\/2018\/08\/18\/51-rocnik-hudebne-svestkoveho-festivalu-vizovicke-trnkobrani-17-18-8-2018-vizovice\/dsc_0533-3\/\" class=\"wp-image-1049\" srcset=\"https:\/\/hofrfoto.cz\/wp-content\/uploads\/2018\/08\/DSC_0533-2-1024x683.jpg 1024w, https:\/\/hofrfoto.cz\/wp-content\/uploads\/2018\/08\/DSC_0533-2-300x200.jpg 300w, https:\/\/hofrfoto.cz\/wp-content\/uploads\/2018\/08\/DSC_0533-2-768x512.jpg 768w, https:\/\/hofrfoto.cz\/wp-content\/uploads\/2018\/08\/DSC_0533-2.jpg 1200w\" sizes=\"(max-width: 1024px) 100vw, 1024px\" \/><\/a><\/figure><\/li><li class=\"blocks-gallery-item\"><figure><a  href=\"http:\/\/hofrfoto.cz\/wp-content\/uploads\/2018\/08\/DSC_0563-2-1024x683.jpg\" data-rel=\"lightbox-gallery-0\" data-rl_title=\"DSC_0563\" data-rl_caption=\"DSC_0563\" title=\"DSC_0563\"><img loading=\"lazy\" decoding=\"async\" width=\"1024\" height=\"683\" src=\"http:\/\/hofrfoto.cz\/wp-content\/uploads\/2018\/08\/DSC_0563-2-1024x683.jpg\" alt=\"\" data-id=\"1050\" data-link=\"http:\/\/hofrfoto.cz\/2018\/08\/18\/51-rocnik-hudebne-svestkoveho-festivalu-vizovicke-trnkobrani-17-18-8-2018-vizovice\/dsc_0563-3\/\" class=\"wp-image-1050\" srcset=\"https:\/\/hofrfoto.cz\/wp-content\/uploads\/2018\/08\/DSC_0563-2-1024x683.jpg 1024w, https:\/\/hofrfoto.cz\/wp-content\/uploads\/2018\/08\/DSC_0563-2-300x200.jpg 300w, https:\/\/hofrfoto.cz\/wp-content\/uploads\/2018\/08\/DSC_0563-2-768x512.jpg 768w, https:\/\/hofrfoto.cz\/wp-content\/uploads\/2018\/08\/DSC_0563-2.jpg 1200w\" sizes=\"(max-width: 1024px) 100vw, 1024px\" \/><\/a><\/figure><\/li><li class=\"blocks-gallery-item\"><figure><a  href=\"http:\/\/hofrfoto.cz\/wp-content\/uploads\/2018\/08\/DSC_0603-2-1024x683.jpg\" data-rel=\"lightbox-gallery-0\" data-rl_title=\"DSC_0603\" data-rl_caption=\"DSC_0603\" title=\"DSC_0603\"><img loading=\"lazy\" decoding=\"async\" width=\"1024\" height=\"683\" src=\"http:\/\/hofrfoto.cz\/wp-content\/uploads\/2018\/08\/DSC_0603-2-1024x683.jpg\" alt=\"\" data-id=\"1051\" data-link=\"http:\/\/hofrfoto.cz\/2018\/08\/18\/51-rocnik-hudebne-svestkoveho-festivalu-vizovicke-trnkobrani-17-18-8-2018-vizovice\/dsc_0603-3\/\" class=\"wp-image-1051\" srcset=\"https:\/\/hofrfoto.cz\/wp-content\/uploads\/2018\/08\/DSC_0603-2-1024x683.jpg 1024w, https:\/\/hofrfoto.cz\/wp-content\/uploads\/2018\/08\/DSC_0603-2-300x200.jpg 300w, https:\/\/hofrfoto.cz\/wp-content\/uploads\/2018\/08\/DSC_0603-2-768x512.jpg 768w, https:\/\/hofrfoto.cz\/wp-content\/uploads\/2018\/08\/DSC_0603-2.jpg 1200w\" sizes=\"(max-width: 1024px) 100vw, 1024px\" \/><\/a><\/figure><\/li><li class=\"blocks-gallery-item\"><figure><a  href=\"http:\/\/hofrfoto.cz\/wp-content\/uploads\/2018\/08\/DSC_0615-2-1024x683.jpg\" data-rel=\"lightbox-gallery-0\" data-rl_title=\"DSC_0615\" data-rl_caption=\"DSC_0615\" title=\"DSC_0615\"><img loading=\"lazy\" decoding=\"async\" width=\"1024\" height=\"683\" src=\"http:\/\/hofrfoto.cz\/wp-content\/uploads\/2018\/08\/DSC_0615-2-1024x683.jpg\" alt=\"\" data-id=\"1052\" data-link=\"http:\/\/hofrfoto.cz\/2018\/08\/18\/51-rocnik-hudebne-svestkoveho-festivalu-vizovicke-trnkobrani-17-18-8-2018-vizovice\/dsc_0615-3\/\" class=\"wp-image-1052\" srcset=\"https:\/\/hofrfoto.cz\/wp-content\/uploads\/2018\/08\/DSC_0615-2-1024x683.jpg 1024w, https:\/\/hofrfoto.cz\/wp-content\/uploads\/2018\/08\/DSC_0615-2-300x200.jpg 300w, https:\/\/hofrfoto.cz\/wp-content\/uploads\/2018\/08\/DSC_0615-2-768x512.jpg 768w, https:\/\/hofrfoto.cz\/wp-content\/uploads\/2018\/08\/DSC_0615-2.jpg 1200w\" sizes=\"(max-width: 1024px) 100vw, 1024px\" \/><\/a><\/figure><\/li><li class=\"blocks-gallery-item\"><figure><a  href=\"http:\/\/hofrfoto.cz\/wp-content\/uploads\/2018\/08\/DSC_0633-2-1024x683.jpg\" data-rel=\"lightbox-gallery-0\" data-rl_title=\"DSC_0633\" data-rl_caption=\"DSC_0633\" title=\"DSC_0633\"><img loading=\"lazy\" decoding=\"async\" width=\"1024\" height=\"683\" src=\"http:\/\/hofrfoto.cz\/wp-content\/uploads\/2018\/08\/DSC_0633-2-1024x683.jpg\" alt=\"\" data-id=\"1053\" data-link=\"http:\/\/hofrfoto.cz\/2018\/08\/18\/51-rocnik-hudebne-svestkoveho-festivalu-vizovicke-trnkobrani-17-18-8-2018-vizovice\/dsc_0633-3\/\" class=\"wp-image-1053\" srcset=\"https:\/\/hofrfoto.cz\/wp-content\/uploads\/2018\/08\/DSC_0633-2-1024x683.jpg 1024w, https:\/\/hofrfoto.cz\/wp-content\/uploads\/2018\/08\/DSC_0633-2-300x200.jpg 300w, https:\/\/hofrfoto.cz\/wp-content\/uploads\/2018\/08\/DSC_0633-2-768x512.jpg 768w, https:\/\/hofrfoto.cz\/wp-content\/uploads\/2018\/08\/DSC_0633-2.jpg 1200w\" sizes=\"(max-width: 1024px) 100vw, 1024px\" \/><\/a><\/figure><\/li><li class=\"blocks-gallery-item\"><figure><a  href=\"http:\/\/hofrfoto.cz\/wp-content\/uploads\/2018\/08\/DSC_0635-2-1024x683.jpg\" data-rel=\"lightbox-gallery-0\" data-rl_title=\"DSC_0635\" data-rl_caption=\"DSC_0635\" title=\"DSC_0635\"><img loading=\"lazy\" decoding=\"async\" width=\"1024\" height=\"683\" src=\"http:\/\/hofrfoto.cz\/wp-content\/uploads\/2018\/08\/DSC_0635-2-1024x683.jpg\" alt=\"\" data-id=\"1054\" data-link=\"http:\/\/hofrfoto.cz\/2018\/08\/18\/51-rocnik-hudebne-svestkoveho-festivalu-vizovicke-trnkobrani-17-18-8-2018-vizovice\/dsc_0635-3\/\" class=\"wp-image-1054\" srcset=\"https:\/\/hofrfoto.cz\/wp-content\/uploads\/2018\/08\/DSC_0635-2-1024x683.jpg 1024w, https:\/\/hofrfoto.cz\/wp-content\/uploads\/2018\/08\/DSC_0635-2-300x200.jpg 300w, https:\/\/hofrfoto.cz\/wp-content\/uploads\/2018\/08\/DSC_0635-2-768x512.jpg 768w, https:\/\/hofrfoto.cz\/wp-content\/uploads\/2018\/08\/DSC_0635-2.jpg 1200w\" sizes=\"(max-width: 1024px) 100vw, 1024px\" \/><\/a><\/figure><\/li><li class=\"blocks-gallery-item\"><figure><a  href=\"http:\/\/hofrfoto.cz\/wp-content\/uploads\/2018\/08\/DSC_0640-2-1024x683.jpg\" data-rel=\"lightbox-gallery-0\" data-rl_title=\"DSC_0640\" data-rl_caption=\"DSC_0640\" title=\"DSC_0640\"><img loading=\"lazy\" decoding=\"async\" width=\"1024\" height=\"683\" src=\"http:\/\/hofrfoto.cz\/wp-content\/uploads\/2018\/08\/DSC_0640-2-1024x683.jpg\" alt=\"\" data-id=\"1055\" data-link=\"http:\/\/hofrfoto.cz\/2018\/08\/18\/51-rocnik-hudebne-svestkoveho-festivalu-vizovicke-trnkobrani-17-18-8-2018-vizovice\/dsc_0640-3\/\" class=\"wp-image-1055\" srcset=\"https:\/\/hofrfoto.cz\/wp-content\/uploads\/2018\/08\/DSC_0640-2-1024x683.jpg 1024w, https:\/\/hofrfoto.cz\/wp-content\/uploads\/2018\/08\/DSC_0640-2-300x200.jpg 300w, https:\/\/hofrfoto.cz\/wp-content\/uploads\/2018\/08\/DSC_0640-2-768x512.jpg 768w, https:\/\/hofrfoto.cz\/wp-content\/uploads\/2018\/08\/DSC_0640-2.jpg 1200w\" sizes=\"(max-width: 1024px) 100vw, 1024px\" \/><\/a><\/figure><\/li><li class=\"blocks-gallery-item\"><figure><a  href=\"http:\/\/hofrfoto.cz\/wp-content\/uploads\/2018\/08\/DSC_0663-2-1024x683.jpg\" data-rel=\"lightbox-gallery-0\" data-rl_title=\"DSC_0663\" data-rl_caption=\"DSC_0663\" title=\"DSC_0663\"><img loading=\"lazy\" decoding=\"async\" width=\"1024\" height=\"683\" src=\"http:\/\/hofrfoto.cz\/wp-content\/uploads\/2018\/08\/DSC_0663-2-1024x683.jpg\" alt=\"\" data-id=\"1056\" data-link=\"http:\/\/hofrfoto.cz\/2018\/08\/18\/51-rocnik-hudebne-svestkoveho-festivalu-vizovicke-trnkobrani-17-18-8-2018-vizovice\/dsc_0663-3\/\" class=\"wp-image-1056\" srcset=\"https:\/\/hofrfoto.cz\/wp-content\/uploads\/2018\/08\/DSC_0663-2-1024x683.jpg 1024w, https:\/\/hofrfoto.cz\/wp-content\/uploads\/2018\/08\/DSC_0663-2-300x200.jpg 300w, https:\/\/hofrfoto.cz\/wp-content\/uploads\/2018\/08\/DSC_0663-2-768x512.jpg 768w, https:\/\/hofrfoto.cz\/wp-content\/uploads\/2018\/08\/DSC_0663-2.jpg 1200w\" sizes=\"(max-width: 1024px) 100vw, 1024px\" \/><\/a><\/figure><\/li><li class=\"blocks-gallery-item\"><figure><a  href=\"http:\/\/hofrfoto.cz\/wp-content\/uploads\/2018\/08\/DSC_0674-2-1024x683.jpg\" data-rel=\"lightbox-gallery-0\" data-rl_title=\"DSC_0674\" data-rl_caption=\"DSC_0674\" title=\"DSC_0674\"><img loading=\"lazy\" decoding=\"async\" width=\"1024\" height=\"683\" src=\"http:\/\/hofrfoto.cz\/wp-content\/uploads\/2018\/08\/DSC_0674-2-1024x683.jpg\" alt=\"\" data-id=\"1057\" data-link=\"http:\/\/hofrfoto.cz\/2018\/08\/18\/51-rocnik-hudebne-svestkoveho-festivalu-vizovicke-trnkobrani-17-18-8-2018-vizovice\/dsc_0674-3\/\" class=\"wp-image-1057\" srcset=\"https:\/\/hofrfoto.cz\/wp-content\/uploads\/2018\/08\/DSC_0674-2-1024x683.jpg 1024w, https:\/\/hofrfoto.cz\/wp-content\/uploads\/2018\/08\/DSC_0674-2-300x200.jpg 300w, https:\/\/hofrfoto.cz\/wp-content\/uploads\/2018\/08\/DSC_0674-2-768x512.jpg 768w, https:\/\/hofrfoto.cz\/wp-content\/uploads\/2018\/08\/DSC_0674-2.jpg 1200w\" sizes=\"(max-width: 1024px) 100vw, 1024px\" \/><\/a><\/figure><\/li><li class=\"blocks-gallery-item\"><figure><a  href=\"http:\/\/hofrfoto.cz\/wp-content\/uploads\/2018\/08\/DSC_0728-2-1024x683.jpg\" data-rel=\"lightbox-gallery-0\" data-rl_title=\"DSC_0728\" data-rl_caption=\"DSC_0728\" title=\"DSC_0728\"><img loading=\"lazy\" decoding=\"async\" width=\"1024\" height=\"683\" src=\"http:\/\/hofrfoto.cz\/wp-content\/uploads\/2018\/08\/DSC_0728-2-1024x683.jpg\" alt=\"\" data-id=\"1058\" data-link=\"http:\/\/hofrfoto.cz\/2018\/08\/18\/51-rocnik-hudebne-svestkoveho-festivalu-vizovicke-trnkobrani-17-18-8-2018-vizovice\/dsc_0728-3\/\" class=\"wp-image-1058\" srcset=\"https:\/\/hofrfoto.cz\/wp-content\/uploads\/2018\/08\/DSC_0728-2-1024x683.jpg 1024w, https:\/\/hofrfoto.cz\/wp-content\/uploads\/2018\/08\/DSC_0728-2-300x200.jpg 300w, https:\/\/hofrfoto.cz\/wp-content\/uploads\/2018\/08\/DSC_0728-2-768x512.jpg 768w, https:\/\/hofrfoto.cz\/wp-content\/uploads\/2018\/08\/DSC_0728-2.jpg 1200w\" sizes=\"(max-width: 1024px) 100vw, 1024px\" \/><\/a><\/figure><\/li><li class=\"blocks-gallery-item\"><figure><a  href=\"http:\/\/hofrfoto.cz\/wp-content\/uploads\/2018\/08\/DSC_0743-2-1024x683.jpg\" data-rel=\"lightbox-gallery-0\" data-rl_title=\"DSC_0743\" data-rl_caption=\"DSC_0743\" title=\"DSC_0743\"><img loading=\"lazy\" decoding=\"async\" width=\"1024\" height=\"683\" src=\"http:\/\/hofrfoto.cz\/wp-content\/uploads\/2018\/08\/DSC_0743-2-1024x683.jpg\" alt=\"\" data-id=\"1059\" data-link=\"http:\/\/hofrfoto.cz\/2018\/08\/18\/51-rocnik-hudebne-svestkoveho-festivalu-vizovicke-trnkobrani-17-18-8-2018-vizovice\/dsc_0743-3\/\" class=\"wp-image-1059\" srcset=\"https:\/\/hofrfoto.cz\/wp-content\/uploads\/2018\/08\/DSC_0743-2-1024x683.jpg 1024w, https:\/\/hofrfoto.cz\/wp-content\/uploads\/2018\/08\/DSC_0743-2-300x200.jpg 300w, https:\/\/hofrfoto.cz\/wp-content\/uploads\/2018\/08\/DSC_0743-2-768x512.jpg 768w, https:\/\/hofrfoto.cz\/wp-content\/uploads\/2018\/08\/DSC_0743-2.jpg 1200w\" sizes=\"(max-width: 1024px) 100vw, 1024px\" \/><\/a><\/figure><\/li><li class=\"blocks-gallery-item\"><figure><a  href=\"http:\/\/hofrfoto.cz\/wp-content\/uploads\/2018\/08\/DSC_0755-2-1024x683.jpg\" data-rel=\"lightbox-gallery-0\" data-rl_title=\"DSC_0755\" data-rl_caption=\"DSC_0755\" title=\"DSC_0755\"><img loading=\"lazy\" decoding=\"async\" width=\"1024\" height=\"683\" src=\"http:\/\/hofrfoto.cz\/wp-content\/uploads\/2018\/08\/DSC_0755-2-1024x683.jpg\" alt=\"\" data-id=\"1060\" data-link=\"http:\/\/hofrfoto.cz\/2018\/08\/18\/51-rocnik-hudebne-svestkoveho-festivalu-vizovicke-trnkobrani-17-18-8-2018-vizovice\/dsc_0755-3\/\" class=\"wp-image-1060\" srcset=\"https:\/\/hofrfoto.cz\/wp-content\/uploads\/2018\/08\/DSC_0755-2-1024x683.jpg 1024w, https:\/\/hofrfoto.cz\/wp-content\/uploads\/2018\/08\/DSC_0755-2-300x200.jpg 300w, https:\/\/hofrfoto.cz\/wp-content\/uploads\/2018\/08\/DSC_0755-2-768x512.jpg 768w, https:\/\/hofrfoto.cz\/wp-content\/uploads\/2018\/08\/DSC_0755-2.jpg 1200w\" sizes=\"(max-width: 1024px) 100vw, 1024px\" \/><\/a><\/figure><\/li><li class=\"blocks-gallery-item\"><figure><a  href=\"http:\/\/hofrfoto.cz\/wp-content\/uploads\/2018\/08\/DSC_0759-2-1024x683.jpg\" data-rel=\"lightbox-gallery-0\" data-rl_title=\"DSC_0759\" data-rl_caption=\"DSC_0759\" title=\"DSC_0759\"><img loading=\"lazy\" decoding=\"async\" width=\"1024\" height=\"683\" src=\"http:\/\/hofrfoto.cz\/wp-content\/uploads\/2018\/08\/DSC_0759-2-1024x683.jpg\" alt=\"\" data-id=\"1061\" data-link=\"http:\/\/hofrfoto.cz\/2018\/08\/18\/51-rocnik-hudebne-svestkoveho-festivalu-vizovicke-trnkobrani-17-18-8-2018-vizovice\/dsc_0759-3\/\" class=\"wp-image-1061\" srcset=\"https:\/\/hofrfoto.cz\/wp-content\/uploads\/2018\/08\/DSC_0759-2-1024x683.jpg 1024w, https:\/\/hofrfoto.cz\/wp-content\/uploads\/2018\/08\/DSC_0759-2-300x200.jpg 300w, https:\/\/hofrfoto.cz\/wp-content\/uploads\/2018\/08\/DSC_0759-2-768x512.jpg 768w, https:\/\/hofrfoto.cz\/wp-content\/uploads\/2018\/08\/DSC_0759-2.jpg 1200w\" sizes=\"(max-width: 1024px) 100vw, 1024px\" \/><\/a><\/figure><\/li><li class=\"blocks-gallery-item\"><figure><a  href=\"http:\/\/hofrfoto.cz\/wp-content\/uploads\/2018\/08\/DSC_0761-2-1024x683.jpg\" data-rel=\"lightbox-gallery-0\" data-rl_title=\"DSC_0761\" data-rl_caption=\"DSC_0761\" title=\"DSC_0761\"><img loading=\"lazy\" decoding=\"async\" width=\"1024\" height=\"683\" src=\"http:\/\/hofrfoto.cz\/wp-content\/uploads\/2018\/08\/DSC_0761-2-1024x683.jpg\" alt=\"\" data-id=\"1062\" data-link=\"http:\/\/hofrfoto.cz\/2018\/08\/18\/51-rocnik-hudebne-svestkoveho-festivalu-vizovicke-trnkobrani-17-18-8-2018-vizovice\/dsc_0761-3\/\" class=\"wp-image-1062\" srcset=\"https:\/\/hofrfoto.cz\/wp-content\/uploads\/2018\/08\/DSC_0761-2-1024x683.jpg 1024w, https:\/\/hofrfoto.cz\/wp-content\/uploads\/2018\/08\/DSC_0761-2-300x200.jpg 300w, https:\/\/hofrfoto.cz\/wp-content\/uploads\/2018\/08\/DSC_0761-2-768x512.jpg 768w, https:\/\/hofrfoto.cz\/wp-content\/uploads\/2018\/08\/DSC_0761-2.jpg 1200w\" sizes=\"(max-width: 1024px) 100vw, 1024px\" \/><\/a><\/figure><\/li><li class=\"blocks-gallery-item\"><figure><a  href=\"http:\/\/hofrfoto.cz\/wp-content\/uploads\/2018\/08\/DSC_0829-2-1024x683.jpg\" data-rel=\"lightbox-gallery-0\" data-rl_title=\"DSC_0829\" data-rl_caption=\"DSC_0829\" title=\"DSC_0829\"><img loading=\"lazy\" decoding=\"async\" width=\"1024\" height=\"683\" src=\"http:\/\/hofrfoto.cz\/wp-content\/uploads\/2018\/08\/DSC_0829-2-1024x683.jpg\" alt=\"\" data-id=\"1063\" data-link=\"http:\/\/hofrfoto.cz\/2018\/08\/18\/51-rocnik-hudebne-svestkoveho-festivalu-vizovicke-trnkobrani-17-18-8-2018-vizovice\/dsc_0829-3\/\" class=\"wp-image-1063\" srcset=\"https:\/\/hofrfoto.cz\/wp-content\/uploads\/2018\/08\/DSC_0829-2-1024x683.jpg 1024w, https:\/\/hofrfoto.cz\/wp-content\/uploads\/2018\/08\/DSC_0829-2-300x200.jpg 300w, https:\/\/hofrfoto.cz\/wp-content\/uploads\/2018\/08\/DSC_0829-2-768x512.jpg 768w, https:\/\/hofrfoto.cz\/wp-content\/uploads\/2018\/08\/DSC_0829-2.jpg 1200w\" sizes=\"(max-width: 1024px) 100vw, 1024px\" \/><\/a><\/figure><\/li><li class=\"blocks-gallery-item\"><figure><a  href=\"http:\/\/hofrfoto.cz\/wp-content\/uploads\/2018\/08\/DSC_0870-2-1024x683.jpg\" data-rel=\"lightbox-gallery-0\" data-rl_title=\"DSC_0870\" data-rl_caption=\"DSC_0870\" title=\"DSC_0870\"><img loading=\"lazy\" decoding=\"async\" width=\"1024\" height=\"683\" src=\"http:\/\/hofrfoto.cz\/wp-content\/uploads\/2018\/08\/DSC_0870-2-1024x683.jpg\" alt=\"\" data-id=\"1064\" data-link=\"http:\/\/hofrfoto.cz\/2018\/08\/18\/51-rocnik-hudebne-svestkoveho-festivalu-vizovicke-trnkobrani-17-18-8-2018-vizovice\/dsc_0870-3\/\" class=\"wp-image-1064\" srcset=\"https:\/\/hofrfoto.cz\/wp-content\/uploads\/2018\/08\/DSC_0870-2-1024x683.jpg 1024w, https:\/\/hofrfoto.cz\/wp-content\/uploads\/2018\/08\/DSC_0870-2-300x200.jpg 300w, https:\/\/hofrfoto.cz\/wp-content\/uploads\/2018\/08\/DSC_0870-2-768x512.jpg 768w, https:\/\/hofrfoto.cz\/wp-content\/uploads\/2018\/08\/DSC_0870-2.jpg 1200w\" sizes=\"(max-width: 1024px) 100vw, 1024px\" \/><\/a><\/figure><\/li><li class=\"blocks-gallery-item\"><figure><a  href=\"http:\/\/hofrfoto.cz\/wp-content\/uploads\/2018\/08\/DSC_0880-2-1024x683.jpg\" data-rel=\"lightbox-gallery-0\" data-rl_title=\"DSC_0880\" data-rl_caption=\"DSC_0880\" title=\"DSC_0880\"><img loading=\"lazy\" decoding=\"async\" width=\"1024\" height=\"683\" src=\"http:\/\/hofrfoto.cz\/wp-content\/uploads\/2018\/08\/DSC_0880-2-1024x683.jpg\" alt=\"\" data-id=\"1065\" data-link=\"http:\/\/hofrfoto.cz\/2018\/08\/18\/51-rocnik-hudebne-svestkoveho-festivalu-vizovicke-trnkobrani-17-18-8-2018-vizovice\/dsc_0880-3\/\" class=\"wp-image-1065\" srcset=\"https:\/\/hofrfoto.cz\/wp-content\/uploads\/2018\/08\/DSC_0880-2-1024x683.jpg 1024w, https:\/\/hofrfoto.cz\/wp-content\/uploads\/2018\/08\/DSC_0880-2-300x200.jpg 300w, https:\/\/hofrfoto.cz\/wp-content\/uploads\/2018\/08\/DSC_0880-2-768x512.jpg 768w, https:\/\/hofrfoto.cz\/wp-content\/uploads\/2018\/08\/DSC_0880-2.jpg 1200w\" sizes=\"(max-width: 1024px) 100vw, 1024px\" \/><\/a><\/figure><\/li><li class=\"blocks-gallery-item\"><figure><a  href=\"http:\/\/hofrfoto.cz\/wp-content\/uploads\/2018\/08\/DSC_0882-2-1024x683.jpg\" data-rel=\"lightbox-gallery-0\" data-rl_title=\"DSC_0882\" data-rl_caption=\"DSC_0882\" title=\"DSC_0882\"><img loading=\"lazy\" decoding=\"async\" width=\"1024\" height=\"683\" src=\"http:\/\/hofrfoto.cz\/wp-content\/uploads\/2018\/08\/DSC_0882-2-1024x683.jpg\" alt=\"\" data-id=\"1066\" data-link=\"http:\/\/hofrfoto.cz\/2018\/08\/18\/51-rocnik-hudebne-svestkoveho-festivalu-vizovicke-trnkobrani-17-18-8-2018-vizovice\/dsc_0882-3\/\" class=\"wp-image-1066\" srcset=\"https:\/\/hofrfoto.cz\/wp-content\/uploads\/2018\/08\/DSC_0882-2-1024x683.jpg 1024w, https:\/\/hofrfoto.cz\/wp-content\/uploads\/2018\/08\/DSC_0882-2-300x200.jpg 300w, https:\/\/hofrfoto.cz\/wp-content\/uploads\/2018\/08\/DSC_0882-2-768x512.jpg 768w, https:\/\/hofrfoto.cz\/wp-content\/uploads\/2018\/08\/DSC_0882-2.jpg 1200w\" sizes=\"(max-width: 1024px) 100vw, 1024px\" \/><\/a><\/figure><\/li><li class=\"blocks-gallery-item\"><figure><a  href=\"http:\/\/hofrfoto.cz\/wp-content\/uploads\/2018\/08\/DSC_0888-2-1024x683.jpg\" data-rel=\"lightbox-gallery-0\" data-rl_title=\"DSC_0888\" data-rl_caption=\"DSC_0888\" title=\"DSC_0888\"><img loading=\"lazy\" decoding=\"async\" width=\"1024\" height=\"683\" src=\"http:\/\/hofrfoto.cz\/wp-content\/uploads\/2018\/08\/DSC_0888-2-1024x683.jpg\" alt=\"\" data-id=\"1067\" data-link=\"http:\/\/hofrfoto.cz\/2018\/08\/18\/51-rocnik-hudebne-svestkoveho-festivalu-vizovicke-trnkobrani-17-18-8-2018-vizovice\/dsc_0888-3\/\" class=\"wp-image-1067\" srcset=\"https:\/\/hofrfoto.cz\/wp-content\/uploads\/2018\/08\/DSC_0888-2-1024x683.jpg 1024w, https:\/\/hofrfoto.cz\/wp-content\/uploads\/2018\/08\/DSC_0888-2-300x200.jpg 300w, https:\/\/hofrfoto.cz\/wp-content\/uploads\/2018\/08\/DSC_0888-2-768x512.jpg 768w, https:\/\/hofrfoto.cz\/wp-content\/uploads\/2018\/08\/DSC_0888-2.jpg 1200w\" sizes=\"(max-width: 1024px) 100vw, 1024px\" \/><\/a><\/figure><\/li><li class=\"blocks-gallery-item\"><figure><a  href=\"http:\/\/hofrfoto.cz\/wp-content\/uploads\/2018\/08\/DSC_0899-2-1024x683.jpg\" data-rel=\"lightbox-gallery-0\" data-rl_title=\"DSC_0899\" data-rl_caption=\"DSC_0899\" title=\"DSC_0899\"><img loading=\"lazy\" decoding=\"async\" width=\"1024\" height=\"683\" src=\"http:\/\/hofrfoto.cz\/wp-content\/uploads\/2018\/08\/DSC_0899-2-1024x683.jpg\" alt=\"\" data-id=\"1068\" data-link=\"http:\/\/hofrfoto.cz\/2018\/08\/18\/51-rocnik-hudebne-svestkoveho-festivalu-vizovicke-trnkobrani-17-18-8-2018-vizovice\/dsc_0899-3\/\" class=\"wp-image-1068\" srcset=\"https:\/\/hofrfoto.cz\/wp-content\/uploads\/2018\/08\/DSC_0899-2-1024x683.jpg 1024w, https:\/\/hofrfoto.cz\/wp-content\/uploads\/2018\/08\/DSC_0899-2-300x200.jpg 300w, https:\/\/hofrfoto.cz\/wp-content\/uploads\/2018\/08\/DSC_0899-2-768x512.jpg 768w, https:\/\/hofrfoto.cz\/wp-content\/uploads\/2018\/08\/DSC_0899-2.jpg 1200w\" sizes=\"(max-width: 1024px) 100vw, 1024px\" \/><\/a><\/figure><\/li><li class=\"blocks-gallery-item\"><figure><a  href=\"http:\/\/hofrfoto.cz\/wp-content\/uploads\/2018\/08\/DSC_0916-2-1024x683.jpg\" data-rel=\"lightbox-gallery-0\" data-rl_title=\"DSC_0916\" data-rl_caption=\"DSC_0916\" title=\"DSC_0916\"><img loading=\"lazy\" decoding=\"async\" width=\"1024\" height=\"683\" src=\"http:\/\/hofrfoto.cz\/wp-content\/uploads\/2018\/08\/DSC_0916-2-1024x683.jpg\" alt=\"\" data-id=\"1069\" data-link=\"http:\/\/hofrfoto.cz\/2018\/08\/18\/51-rocnik-hudebne-svestkoveho-festivalu-vizovicke-trnkobrani-17-18-8-2018-vizovice\/dsc_0916-3\/\" class=\"wp-image-1069\" srcset=\"https:\/\/hofrfoto.cz\/wp-content\/uploads\/2018\/08\/DSC_0916-2-1024x683.jpg 1024w, https:\/\/hofrfoto.cz\/wp-content\/uploads\/2018\/08\/DSC_0916-2-300x200.jpg 300w, https:\/\/hofrfoto.cz\/wp-content\/uploads\/2018\/08\/DSC_0916-2-768x512.jpg 768w, https:\/\/hofrfoto.cz\/wp-content\/uploads\/2018\/08\/DSC_0916-2.jpg 1200w\" sizes=\"(max-width: 1024px) 100vw, 1024px\" \/><\/a><\/figure><\/li><li class=\"blocks-gallery-item\"><figure><a  href=\"http:\/\/hofrfoto.cz\/wp-content\/uploads\/2018\/08\/DSC_0924-2-1024x683.jpg\" data-rel=\"lightbox-gallery-0\" data-rl_title=\"DSC_0924\" data-rl_caption=\"DSC_0924\" title=\"DSC_0924\"><img loading=\"lazy\" decoding=\"async\" width=\"1024\" height=\"683\" src=\"http:\/\/hofrfoto.cz\/wp-content\/uploads\/2018\/08\/DSC_0924-2-1024x683.jpg\" alt=\"\" data-id=\"1070\" data-link=\"http:\/\/hofrfoto.cz\/2018\/08\/18\/51-rocnik-hudebne-svestkoveho-festivalu-vizovicke-trnkobrani-17-18-8-2018-vizovice\/dsc_0924-3\/\" class=\"wp-image-1070\" srcset=\"https:\/\/hofrfoto.cz\/wp-content\/uploads\/2018\/08\/DSC_0924-2-1024x683.jpg 1024w, https:\/\/hofrfoto.cz\/wp-content\/uploads\/2018\/08\/DSC_0924-2-300x200.jpg 300w, https:\/\/hofrfoto.cz\/wp-content\/uploads\/2018\/08\/DSC_0924-2-768x512.jpg 768w, https:\/\/hofrfoto.cz\/wp-content\/uploads\/2018\/08\/DSC_0924-2.jpg 1200w\" sizes=\"(max-width: 1024px) 100vw, 1024px\" \/><\/a><\/figure><\/li><li class=\"blocks-gallery-item\"><figure><a  href=\"http:\/\/hofrfoto.cz\/wp-content\/uploads\/2018\/08\/DSC_0947-2-1024x683.jpg\" data-rel=\"lightbox-gallery-0\" data-rl_title=\"DSC_0947\" data-rl_caption=\"DSC_0947\" title=\"DSC_0947\"><img loading=\"lazy\" decoding=\"async\" width=\"1024\" height=\"683\" src=\"http:\/\/hofrfoto.cz\/wp-content\/uploads\/2018\/08\/DSC_0947-2-1024x683.jpg\" alt=\"\" data-id=\"1071\" data-link=\"http:\/\/hofrfoto.cz\/2018\/08\/18\/51-rocnik-hudebne-svestkoveho-festivalu-vizovicke-trnkobrani-17-18-8-2018-vizovice\/dsc_0947-3\/\" class=\"wp-image-1071\" srcset=\"https:\/\/hofrfoto.cz\/wp-content\/uploads\/2018\/08\/DSC_0947-2-1024x683.jpg 1024w, https:\/\/hofrfoto.cz\/wp-content\/uploads\/2018\/08\/DSC_0947-2-300x200.jpg 300w, https:\/\/hofrfoto.cz\/wp-content\/uploads\/2018\/08\/DSC_0947-2-768x512.jpg 768w, https:\/\/hofrfoto.cz\/wp-content\/uploads\/2018\/08\/DSC_0947-2.jpg 1200w\" sizes=\"(max-width: 1024px) 100vw, 1024px\" \/><\/a><\/figure><\/li><li class=\"blocks-gallery-item\"><figure><a  href=\"http:\/\/hofrfoto.cz\/wp-content\/uploads\/2018\/08\/DSC_0955-2-1024x683.jpg\" data-rel=\"lightbox-gallery-0\" data-rl_title=\"DSC_0955\" data-rl_caption=\"DSC_0955\" title=\"DSC_0955\"><img loading=\"lazy\" decoding=\"async\" width=\"1024\" height=\"683\" src=\"http:\/\/hofrfoto.cz\/wp-content\/uploads\/2018\/08\/DSC_0955-2-1024x683.jpg\" alt=\"\" data-id=\"1072\" data-link=\"http:\/\/hofrfoto.cz\/2018\/08\/18\/51-rocnik-hudebne-svestkoveho-festivalu-vizovicke-trnkobrani-17-18-8-2018-vizovice\/dsc_0955-3\/\" class=\"wp-image-1072\" srcset=\"https:\/\/hofrfoto.cz\/wp-content\/uploads\/2018\/08\/DSC_0955-2-1024x683.jpg 1024w, https:\/\/hofrfoto.cz\/wp-content\/uploads\/2018\/08\/DSC_0955-2-300x200.jpg 300w, https:\/\/hofrfoto.cz\/wp-content\/uploads\/2018\/08\/DSC_0955-2-768x512.jpg 768w, https:\/\/hofrfoto.cz\/wp-content\/uploads\/2018\/08\/DSC_0955-2.jpg 1200w\" sizes=\"(max-width: 1024px) 100vw, 1024px\" \/><\/a><\/figure><\/li><li class=\"blocks-gallery-item\"><figure><a  href=\"http:\/\/hofrfoto.cz\/wp-content\/uploads\/2018\/08\/DSC_0964-2-1024x683.jpg\" data-rel=\"lightbox-gallery-0\" data-rl_title=\"DSC_0964\" data-rl_caption=\"DSC_0964\" title=\"DSC_0964\"><img loading=\"lazy\" decoding=\"async\" width=\"1024\" height=\"683\" src=\"http:\/\/hofrfoto.cz\/wp-content\/uploads\/2018\/08\/DSC_0964-2-1024x683.jpg\" alt=\"\" data-id=\"1073\" data-link=\"http:\/\/hofrfoto.cz\/2018\/08\/18\/51-rocnik-hudebne-svestkoveho-festivalu-vizovicke-trnkobrani-17-18-8-2018-vizovice\/dsc_0964-3\/\" class=\"wp-image-1073\" srcset=\"https:\/\/hofrfoto.cz\/wp-content\/uploads\/2018\/08\/DSC_0964-2-1024x683.jpg 1024w, https:\/\/hofrfoto.cz\/wp-content\/uploads\/2018\/08\/DSC_0964-2-300x200.jpg 300w, https:\/\/hofrfoto.cz\/wp-content\/uploads\/2018\/08\/DSC_0964-2-768x512.jpg 768w, https:\/\/hofrfoto.cz\/wp-content\/uploads\/2018\/08\/DSC_0964-2.jpg 1200w\" sizes=\"(max-width: 1024px) 100vw, 1024px\" \/><\/a><\/figure><\/li><\/ul>","protected":false},"excerpt":{"rendered":"<p> [&hellip;]<\/p>","protected":false},"author":1,"featured_media":707,"comment_status":"open","ping_status":"open","sticky":false,"template":"","format":"standard","meta":{"_exactmetrics_skip_tracking":false,"_exactmetrics_sitenote_active":false,"_exactmetrics_sitenote_note":"","_exactmetrics_sitenote_category":0,"_vp_format_video_url":"","_vp_image_focal_point":[],"footnotes":""},"categories":[2,6,709],"tags":[3],"class_list":["post-340","post","type-post","status-publish","format-standard","has-post-thumbnail","hentry","category-festivaly","category-koncerty","category-koncerty-a-festivaly","tag-festivaly","entry","has-media"],"_links":{"self":[{"href":"https:\/\/hofrfoto.cz\/en\/wp-json\/wp\/v2\/posts\/340"}],"collection":[{"href":"https:\/\/hofrfoto.cz\/en\/wp-json\/wp\/v2\/posts"}],"about":[{"href":"https:\/\/hofrfoto.cz\/en\/wp-json\/wp\/v2\/types\/post"}],"author":[{"embeddable":true,"href":"https:\/\/hofrfoto.cz\/en\/wp-json\/wp\/v2\/users\/1"}],"replies":[{"embeddable":true,"href":"https:\/\/hofrfoto.cz\/en\/wp-json\/wp\/v2\/comments?post=340"}],"version-history":[{"count":12,"href":"https:\/\/hofrfoto.cz\/en\/wp-json\/wp\/v2\/posts\/340\/revisions"}],"predecessor-version":[{"id":1640,"href":"https:\/\/hofrfoto.cz\/en\/wp-json\/wp\/v2\/posts\/340\/revisions\/1640"}],"wp:featuredmedia":[{"embeddable":true,"href":"https:\/\/hofrfoto.cz\/en\/wp-json\/wp\/v2\/media\/707"}],"wp:attachment":[{"href":"https:\/\/hofrfoto.cz\/en\/wp-json\/wp\/v2\/media?parent=340"}],"wp:term":[{"taxonomy":"category","embeddable":true,"href":"https:\/\/hofrfoto.cz\/en\/wp-json\/wp\/v2\/categories?post=340"},{"taxonomy":"post_tag","embeddable":true,"href":"https:\/\/hofrfoto.cz\/en\/wp-json\/wp\/v2\/tags?post=340"}],"curies":[{"name":"wp","href":"https:\/\/api.w.org\/{rel}","templated":true}]}}