{"id":3914,"date":"2020-04-13T17:40:01","date_gmt":"2020-04-13T15:40:01","guid":{"rendered":"http:\/\/hofrfoto.cz\/?p=3914"},"modified":"2020-04-13T17:40:02","modified_gmt":"2020-04-13T15:40:02","slug":"komensky-kamenolom-bucnik","status":"publish","type":"post","link":"https:\/\/hofrfoto.cz\/en\/2020\/04\/13\/komensky-kamenolom-bucnik\/","title":{"rendered":"Komensk\u00fd kamenolom &#8211; Bu\u010dn\u00edk"},"content":{"rendered":"<p>Kom\u0148a, 13. dubna 2020<\/p>\n\n\n\n<ul class=\"wp-block-gallery columns-3 is-cropped wp-block-gallery-1 is-layout-flex wp-block-gallery-is-layout-flex\"><li class=\"blocks-gallery-item\"><figure><a  href=\"https:\/\/hofrfoto.cz\/wp-content\/uploads\/2020\/04\/DSC_0919-1024x683.jpg\" data-rel=\"lightbox-gallery-0\" data-rl_title=\"DSC_0919\" data-rl_caption=\"DSC_0919\" title=\"DSC_0919\"><img loading=\"lazy\" decoding=\"async\" width=\"1024\" height=\"683\" src=\"https:\/\/hofrfoto.cz\/wp-content\/uploads\/2020\/04\/DSC_0919-1024x683.jpg\" alt=\"\" data-id=\"3915\" data-link=\"https:\/\/hofrfoto.cz\/?attachment_id=3915\" class=\"wp-image-3915\" srcset=\"https:\/\/hofrfoto.cz\/wp-content\/uploads\/2020\/04\/DSC_0919-1024x683.jpg 1024w, https:\/\/hofrfoto.cz\/wp-content\/uploads\/2020\/04\/DSC_0919-300x200.jpg 300w, https:\/\/hofrfoto.cz\/wp-content\/uploads\/2020\/04\/DSC_0919-768x512.jpg 768w, https:\/\/hofrfoto.cz\/wp-content\/uploads\/2020\/04\/DSC_0919.jpg 1800w\" sizes=\"(max-width: 1024px) 100vw, 1024px\" \/><\/a><\/figure><\/li><li class=\"blocks-gallery-item\"><figure><a  href=\"https:\/\/hofrfoto.cz\/wp-content\/uploads\/2020\/04\/DSC_0924-1024x683.jpg\" data-rel=\"lightbox-gallery-0\" data-rl_title=\"DSC_0924\" data-rl_caption=\"DSC_0924\" title=\"DSC_0924\"><img loading=\"lazy\" decoding=\"async\" width=\"1024\" height=\"683\" src=\"https:\/\/hofrfoto.cz\/wp-content\/uploads\/2020\/04\/DSC_0924-1024x683.jpg\" alt=\"\" data-id=\"3916\" data-link=\"https:\/\/hofrfoto.cz\/?attachment_id=3916\" class=\"wp-image-3916\" srcset=\"https:\/\/hofrfoto.cz\/wp-content\/uploads\/2020\/04\/DSC_0924-1024x683.jpg 1024w, https:\/\/hofrfoto.cz\/wp-content\/uploads\/2020\/04\/DSC_0924-300x200.jpg 300w, https:\/\/hofrfoto.cz\/wp-content\/uploads\/2020\/04\/DSC_0924-768x512.jpg 768w, https:\/\/hofrfoto.cz\/wp-content\/uploads\/2020\/04\/DSC_0924.jpg 1800w\" sizes=\"(max-width: 1024px) 100vw, 1024px\" \/><\/a><\/figure><\/li><li class=\"blocks-gallery-item\"><figure><a  href=\"https:\/\/hofrfoto.cz\/wp-content\/uploads\/2020\/04\/DSC_0927-1024x683.jpg\" data-rel=\"lightbox-gallery-0\" data-rl_title=\"DSC_0927\" data-rl_caption=\"DSC_0927\" title=\"DSC_0927\"><img loading=\"lazy\" decoding=\"async\" width=\"1024\" height=\"683\" src=\"https:\/\/hofrfoto.cz\/wp-content\/uploads\/2020\/04\/DSC_0927-1024x683.jpg\" alt=\"\" data-id=\"3917\" data-link=\"https:\/\/hofrfoto.cz\/?attachment_id=3917\" class=\"wp-image-3917\" srcset=\"https:\/\/hofrfoto.cz\/wp-content\/uploads\/2020\/04\/DSC_0927-1024x683.jpg 1024w, https:\/\/hofrfoto.cz\/wp-content\/uploads\/2020\/04\/DSC_0927-300x200.jpg 300w, https:\/\/hofrfoto.cz\/wp-content\/uploads\/2020\/04\/DSC_0927-768x512.jpg 768w, https:\/\/hofrfoto.cz\/wp-content\/uploads\/2020\/04\/DSC_0927.jpg 1800w\" sizes=\"(max-width: 1024px) 100vw, 1024px\" \/><\/a><\/figure><\/li><li class=\"blocks-gallery-item\"><figure><a  href=\"https:\/\/hofrfoto.cz\/wp-content\/uploads\/2020\/04\/DSC_0929-1024x683.jpg\" data-rel=\"lightbox-gallery-0\" data-rl_title=\"DSC_0929\" data-rl_caption=\"DSC_0929\" title=\"DSC_0929\"><img loading=\"lazy\" decoding=\"async\" width=\"1024\" height=\"683\" src=\"https:\/\/hofrfoto.cz\/wp-content\/uploads\/2020\/04\/DSC_0929-1024x683.jpg\" alt=\"\" data-id=\"3918\" data-link=\"https:\/\/hofrfoto.cz\/?attachment_id=3918\" class=\"wp-image-3918\" srcset=\"https:\/\/hofrfoto.cz\/wp-content\/uploads\/2020\/04\/DSC_0929-1024x683.jpg 1024w, https:\/\/hofrfoto.cz\/wp-content\/uploads\/2020\/04\/DSC_0929-300x200.jpg 300w, https:\/\/hofrfoto.cz\/wp-content\/uploads\/2020\/04\/DSC_0929-768x512.jpg 768w, https:\/\/hofrfoto.cz\/wp-content\/uploads\/2020\/04\/DSC_0929.jpg 1800w\" sizes=\"(max-width: 1024px) 100vw, 1024px\" \/><\/a><\/figure><\/li><li class=\"blocks-gallery-item\"><figure><a  href=\"https:\/\/hofrfoto.cz\/wp-content\/uploads\/2020\/04\/DSC_0932-1024x683.jpg\" data-rel=\"lightbox-gallery-0\" data-rl_title=\"DSC_0932\" data-rl_caption=\"DSC_0932\" title=\"DSC_0932\"><img loading=\"lazy\" decoding=\"async\" width=\"1024\" height=\"683\" src=\"https:\/\/hofrfoto.cz\/wp-content\/uploads\/2020\/04\/DSC_0932-1024x683.jpg\" alt=\"\" data-id=\"3919\" data-link=\"https:\/\/hofrfoto.cz\/?attachment_id=3919\" class=\"wp-image-3919\" srcset=\"https:\/\/hofrfoto.cz\/wp-content\/uploads\/2020\/04\/DSC_0932-1024x683.jpg 1024w, https:\/\/hofrfoto.cz\/wp-content\/uploads\/2020\/04\/DSC_0932-300x200.jpg 300w, https:\/\/hofrfoto.cz\/wp-content\/uploads\/2020\/04\/DSC_0932-768x512.jpg 768w, https:\/\/hofrfoto.cz\/wp-content\/uploads\/2020\/04\/DSC_0932.jpg 1800w\" sizes=\"(max-width: 1024px) 100vw, 1024px\" \/><\/a><\/figure><\/li><li class=\"blocks-gallery-item\"><figure><a  href=\"https:\/\/hofrfoto.cz\/wp-content\/uploads\/2020\/04\/DSC_0934-1024x683.jpg\" data-rel=\"lightbox-gallery-0\" data-rl_title=\"DSC_0934\" data-rl_caption=\"DSC_0934\" title=\"DSC_0934\"><img loading=\"lazy\" decoding=\"async\" width=\"1024\" height=\"683\" src=\"https:\/\/hofrfoto.cz\/wp-content\/uploads\/2020\/04\/DSC_0934-1024x683.jpg\" alt=\"\" data-id=\"3920\" data-link=\"https:\/\/hofrfoto.cz\/?attachment_id=3920\" class=\"wp-image-3920\" srcset=\"https:\/\/hofrfoto.cz\/wp-content\/uploads\/2020\/04\/DSC_0934-1024x683.jpg 1024w, https:\/\/hofrfoto.cz\/wp-content\/uploads\/2020\/04\/DSC_0934-300x200.jpg 300w, https:\/\/hofrfoto.cz\/wp-content\/uploads\/2020\/04\/DSC_0934-768x512.jpg 768w, https:\/\/hofrfoto.cz\/wp-content\/uploads\/2020\/04\/DSC_0934.jpg 1800w\" sizes=\"(max-width: 1024px) 100vw, 1024px\" \/><\/a><\/figure><\/li><\/ul>\n\n\n\n<ul class=\"wp-block-gallery columns-1 is-cropped wp-block-gallery-2 is-layout-flex wp-block-gallery-is-layout-flex\"><li class=\"blocks-gallery-item\"><figure><img loading=\"lazy\" decoding=\"async\" width=\"1024\" height=\"683\" src=\"https:\/\/hofrfoto.cz\/wp-content\/uploads\/2020\/04\/DSC_0938-1024x683.jpg\" alt=\"\" data-id=\"3922\" data-link=\"https:\/\/hofrfoto.cz\/?attachment_id=3922\" class=\"wp-image-3922\" srcset=\"https:\/\/hofrfoto.cz\/wp-content\/uploads\/2020\/04\/DSC_0938-1024x683.jpg 1024w, https:\/\/hofrfoto.cz\/wp-content\/uploads\/2020\/04\/DSC_0938-300x200.jpg 300w, https:\/\/hofrfoto.cz\/wp-content\/uploads\/2020\/04\/DSC_0938-768x512.jpg 768w, https:\/\/hofrfoto.cz\/wp-content\/uploads\/2020\/04\/DSC_0938.jpg 1800w\" sizes=\"(max-width: 1024px) 100vw, 1024px\" \/><\/figure><\/li><\/ul>","protected":false},"excerpt":{"rendered":"<p> [&hellip;]<\/p>","protected":false},"author":1,"featured_media":3919,"comment_status":"open","ping_status":"open","sticky":false,"template":"","format":"standard","meta":{"_exactmetrics_skip_tracking":false,"_exactmetrics_sitenote_active":false,"_exactmetrics_sitenote_note":"","_exactmetrics_sitenote_category":0,"_vp_format_video_url":"","_vp_image_focal_point":[],"footnotes":""},"categories":[23],"tags":[58,56,57],"class_list":["post-3914","post","type-post","status-publish","format-standard","has-post-thumbnail","hentry","category-priroda","tag-bucnik","tag-kamenolom","tag-komna","entry","has-media"],"_links":{"self":[{"href":"https:\/\/hofrfoto.cz\/en\/wp-json\/wp\/v2\/posts\/3914"}],"collection":[{"href":"https:\/\/hofrfoto.cz\/en\/wp-json\/wp\/v2\/posts"}],"about":[{"href":"https:\/\/hofrfoto.cz\/en\/wp-json\/wp\/v2\/types\/post"}],"author":[{"embeddable":true,"href":"https:\/\/hofrfoto.cz\/en\/wp-json\/wp\/v2\/users\/1"}],"replies":[{"embeddable":true,"href":"https:\/\/hofrfoto.cz\/en\/wp-json\/wp\/v2\/comments?post=3914"}],"version-history":[{"count":2,"href":"https:\/\/hofrfoto.cz\/en\/wp-json\/wp\/v2\/posts\/3914\/revisions"}],"predecessor-version":[{"id":3923,"href":"https:\/\/hofrfoto.cz\/en\/wp-json\/wp\/v2\/posts\/3914\/revisions\/3923"}],"wp:featuredmedia":[{"embeddable":true,"href":"https:\/\/hofrfoto.cz\/en\/wp-json\/wp\/v2\/media\/3919"}],"wp:attachment":[{"href":"https:\/\/hofrfoto.cz\/en\/wp-json\/wp\/v2\/media?parent=3914"}],"wp:term":[{"taxonomy":"category","embeddable":true,"href":"https:\/\/hofrfoto.cz\/en\/wp-json\/wp\/v2\/categories?post=3914"},{"taxonomy":"post_tag","embeddable":true,"href":"https:\/\/hofrfoto.cz\/en\/wp-json\/wp\/v2\/tags?post=3914"}],"curies":[{"name":"wp","href":"https:\/\/api.w.org\/{rel}","templated":true}]}}