{"id":6790,"date":"2020-11-07T18:39:39","date_gmt":"2020-11-07T17:39:39","guid":{"rendered":"http:\/\/hofrfoto.cz\/?p=6790"},"modified":"2024-01-03T16:52:02","modified_gmt":"2024-01-03T15:52:02","slug":"vetrny-mlyn-ve-stipe","status":"publish","type":"post","link":"https:\/\/hofrfoto.cz\/en\/2020\/11\/07\/vetrny-mlyn-ve-stipe\/","title":{"rendered":"V\u011btrn\u00fd ml\u00fdn ve \u0160t\u00edp\u011b"},"content":{"rendered":"<p>05. 11. 2020 &#8211; \u0160t\u00edpa<\/p>\n\n\n\n<p> V\u011btrn\u00fd ml\u00fdn holandsk\u00e9ho typu se nach\u00e1z\u00ed v obci \u0160t\u00edpa, okres Zl\u00edn. <\/p>\n\n\n\n<ul class=\"wp-block-gallery columns-3 is-cropped wp-block-gallery-1 is-layout-flex wp-block-gallery-is-layout-flex\"><li class=\"blocks-gallery-item\"><figure><a  href=\"https:\/\/hofrfoto.cz\/wp-content\/uploads\/2020\/11\/DSC_2057-1024x684.jpg\" data-rel=\"lightbox-gallery-0\" data-rl_title=\"DSC_2057\" data-rl_caption=\"DSC_2057\" title=\"DSC_2057\"><img loading=\"lazy\" decoding=\"async\" width=\"1024\" height=\"684\" src=\"https:\/\/hofrfoto.cz\/wp-content\/uploads\/2020\/11\/DSC_2057-1024x684.jpg\" alt=\"\" data-id=\"6791\" data-link=\"https:\/\/hofrfoto.cz\/?attachment_id=6791\" class=\"wp-image-6791\" srcset=\"https:\/\/hofrfoto.cz\/wp-content\/uploads\/2020\/11\/DSC_2057-1024x684.jpg 1024w, https:\/\/hofrfoto.cz\/wp-content\/uploads\/2020\/11\/DSC_2057-300x200.jpg 300w, https:\/\/hofrfoto.cz\/wp-content\/uploads\/2020\/11\/DSC_2057-768x513.jpg 768w, https:\/\/hofrfoto.cz\/wp-content\/uploads\/2020\/11\/DSC_2057.jpg 1950w\" sizes=\"(max-width: 1024px) 100vw, 1024px\" \/><\/a><\/figure><\/li><li class=\"blocks-gallery-item\"><figure><a  href=\"https:\/\/hofrfoto.cz\/wp-content\/uploads\/2020\/11\/DSC_2061-684x1024.jpg\" data-rel=\"lightbox-gallery-0\" data-rl_title=\"DSC_2061\" data-rl_caption=\"DSC_2061\" title=\"DSC_2061\"><img loading=\"lazy\" decoding=\"async\" width=\"684\" height=\"1024\" src=\"https:\/\/hofrfoto.cz\/wp-content\/uploads\/2020\/11\/DSC_2061-684x1024.jpg\" alt=\"\" data-id=\"6792\" data-link=\"https:\/\/hofrfoto.cz\/?attachment_id=6792\" class=\"wp-image-6792\" srcset=\"https:\/\/hofrfoto.cz\/wp-content\/uploads\/2020\/11\/DSC_2061-684x1024.jpg 684w, https:\/\/hofrfoto.cz\/wp-content\/uploads\/2020\/11\/DSC_2061-200x300.jpg 200w, https:\/\/hofrfoto.cz\/wp-content\/uploads\/2020\/11\/DSC_2061-768x1150.jpg 768w, https:\/\/hofrfoto.cz\/wp-content\/uploads\/2020\/11\/DSC_2061.jpg 1282w\" sizes=\"(max-width: 684px) 100vw, 684px\" \/><\/a><\/figure><\/li><li class=\"blocks-gallery-item\"><figure><a  href=\"https:\/\/hofrfoto.cz\/wp-content\/uploads\/2020\/11\/DSC_2063-684x1024.jpg\" data-rel=\"lightbox-gallery-0\" data-rl_title=\"DSC_2063\" data-rl_caption=\"DSC_2063\" title=\"DSC_2063\"><img loading=\"lazy\" decoding=\"async\" width=\"684\" height=\"1024\" src=\"https:\/\/hofrfoto.cz\/wp-content\/uploads\/2020\/11\/DSC_2063-684x1024.jpg\" alt=\"\" data-id=\"6793\" data-link=\"https:\/\/hofrfoto.cz\/?attachment_id=6793\" class=\"wp-image-6793\" srcset=\"https:\/\/hofrfoto.cz\/wp-content\/uploads\/2020\/11\/DSC_2063-684x1024.jpg 684w, https:\/\/hofrfoto.cz\/wp-content\/uploads\/2020\/11\/DSC_2063-200x300.jpg 200w, https:\/\/hofrfoto.cz\/wp-content\/uploads\/2020\/11\/DSC_2063-768x1150.jpg 768w, https:\/\/hofrfoto.cz\/wp-content\/uploads\/2020\/11\/DSC_2063.jpg 1282w\" sizes=\"(max-width: 684px) 100vw, 684px\" \/><\/a><\/figure><\/li><li class=\"blocks-gallery-item\"><figure><a  href=\"https:\/\/hofrfoto.cz\/wp-content\/uploads\/2020\/11\/DSC_2065-1024x682.jpg\" data-rel=\"lightbox-gallery-0\" data-rl_title=\"DSC_2065\" data-rl_caption=\"DSC_2065\" title=\"DSC_2065\"><img loading=\"lazy\" decoding=\"async\" width=\"1024\" height=\"682\" src=\"https:\/\/hofrfoto.cz\/wp-content\/uploads\/2020\/11\/DSC_2065-1024x682.jpg\" alt=\"\" data-id=\"6794\" data-link=\"https:\/\/hofrfoto.cz\/?attachment_id=6794\" class=\"wp-image-6794\" srcset=\"https:\/\/hofrfoto.cz\/wp-content\/uploads\/2020\/11\/DSC_2065-1024x682.jpg 1024w, https:\/\/hofrfoto.cz\/wp-content\/uploads\/2020\/11\/DSC_2065-300x200.jpg 300w, https:\/\/hofrfoto.cz\/wp-content\/uploads\/2020\/11\/DSC_2065-768x512.jpg 768w, https:\/\/hofrfoto.cz\/wp-content\/uploads\/2020\/11\/DSC_2065.jpg 1920w\" sizes=\"(max-width: 1024px) 100vw, 1024px\" \/><\/a><\/figure><\/li><\/ul>","protected":false},"excerpt":{"rendered":"<p> [&hellip;]<\/p>","protected":false},"author":1,"featured_media":6792,"comment_status":"open","ping_status":"open","sticky":false,"template":"","format":"standard","meta":{"_exactmetrics_skip_tracking":false,"_exactmetrics_sitenote_active":false,"_exactmetrics_sitenote_note":"","_exactmetrics_sitenote_category":0,"_vp_format_video_url":"","_vp_image_focal_point":[],"footnotes":""},"categories":[109,713,16,1,8],"tags":[290,288,111,291,100,289],"class_list":["post-6790","post","type-post","status-publish","format-standard","has-post-thumbnail","hentry","category-hrady-zamky-a-jine","category-hrady-zamky-a-zriceniny","category-hrady-zamky-zriceniny-pamatky","category-nezarazene","category-ostatni","tag-dutch","tag-stipa","tag-vetrny-mlyn","tag-windmill","tag-zlin","tag-zlinsky-kraj","entry","has-media"],"_links":{"self":[{"href":"https:\/\/hofrfoto.cz\/en\/wp-json\/wp\/v2\/posts\/6790"}],"collection":[{"href":"https:\/\/hofrfoto.cz\/en\/wp-json\/wp\/v2\/posts"}],"about":[{"href":"https:\/\/hofrfoto.cz\/en\/wp-json\/wp\/v2\/types\/post"}],"author":[{"embeddable":true,"href":"https:\/\/hofrfoto.cz\/en\/wp-json\/wp\/v2\/users\/1"}],"replies":[{"embeddable":true,"href":"https:\/\/hofrfoto.cz\/en\/wp-json\/wp\/v2\/comments?post=6790"}],"version-history":[{"count":1,"href":"https:\/\/hofrfoto.cz\/en\/wp-json\/wp\/v2\/posts\/6790\/revisions"}],"predecessor-version":[{"id":6795,"href":"https:\/\/hofrfoto.cz\/en\/wp-json\/wp\/v2\/posts\/6790\/revisions\/6795"}],"wp:featuredmedia":[{"embeddable":true,"href":"https:\/\/hofrfoto.cz\/en\/wp-json\/wp\/v2\/media\/6792"}],"wp:attachment":[{"href":"https:\/\/hofrfoto.cz\/en\/wp-json\/wp\/v2\/media?parent=6790"}],"wp:term":[{"taxonomy":"category","embeddable":true,"href":"https:\/\/hofrfoto.cz\/en\/wp-json\/wp\/v2\/categories?post=6790"},{"taxonomy":"post_tag","embeddable":true,"href":"https:\/\/hofrfoto.cz\/en\/wp-json\/wp\/v2\/tags?post=6790"}],"curies":[{"name":"wp","href":"https:\/\/api.w.org\/{rel}","templated":true}]}}