{"id":856,"date":"2018-09-25T22:59:42","date_gmt":"2018-09-25T20:59:42","guid":{"rendered":"http:\/\/hofrfoto.cz\/?p=856"},"modified":"2023-02-16T00:01:20","modified_gmt":"2023-02-15T23:01:20","slug":"festival-ohne-a-mece-2018","status":"publish","type":"post","link":"https:\/\/hofrfoto.cz\/en\/2018\/09\/25\/festival-ohne-a-mece-2018\/","title":{"rendered":"Festival ohn\u011b a me\u010de 2018"},"content":{"rendered":"<p><em>22. 9. 2018 Popovice<\/em><\/p>\n<p>Festival ohn\u011b a me\u010de Fajr, Amf\u00edk Bukovina. V\u00edce fotek <a href=\"https:\/\/www.facebook.com\/Hofrfoto\" target=\"_blank\" rel=\"noopener noreferrer\">ZDE<\/a>.<\/p>\n<p>\u00a0<\/p>\n\n\n<ul class=\"wp-block-gallery columns-3 is-cropped wp-block-gallery-1 is-layout-flex wp-block-gallery-is-layout-flex\"><li class=\"blocks-gallery-item\"><figure><a href=\"http:\/\/hofrfoto.cz\/wp-content\/uploads\/2019\/01\/DSC_0034-683x1024.jpg\" data-rel=\"lightbox-gallery-0\" data-rl_title=\"DSC_0034\" data-rl_caption=\"DSC_0034\" title=\"DSC_0034\"><img loading=\"lazy\" decoding=\"async\" width=\"683\" height=\"1024\" src=\"http:\/\/hofrfoto.cz\/wp-content\/uploads\/2019\/01\/DSC_0034-683x1024.jpg\" alt=\"\" data-id=\"857\" data-link=\"http:\/\/hofrfoto.cz\/2018\/09\/25\/festival-ohne-a-mece-2018\/dsc_0034-4\/\" class=\"wp-image-857\" srcset=\"https:\/\/hofrfoto.cz\/wp-content\/uploads\/2019\/01\/DSC_0034-683x1024.jpg 683w, https:\/\/hofrfoto.cz\/wp-content\/uploads\/2019\/01\/DSC_0034-200x300.jpg 200w, https:\/\/hofrfoto.cz\/wp-content\/uploads\/2019\/01\/DSC_0034-768x1152.jpg 768w, https:\/\/hofrfoto.cz\/wp-content\/uploads\/2019\/01\/DSC_0034.jpg 800w\" sizes=\"(max-width: 683px) 100vw, 683px\" \/><\/a><\/figure><\/li><li class=\"blocks-gallery-item\"><figure><a href=\"http:\/\/hofrfoto.cz\/wp-content\/uploads\/2019\/01\/DSC_0035-683x1024.jpg\" data-rel=\"lightbox-gallery-0\" data-rl_title=\"DSC_0035\" data-rl_caption=\"DSC_0035\" title=\"DSC_0035\"><img loading=\"lazy\" decoding=\"async\" width=\"683\" height=\"1024\" src=\"http:\/\/hofrfoto.cz\/wp-content\/uploads\/2019\/01\/DSC_0035-683x1024.jpg\" alt=\"\" data-id=\"858\" data-link=\"http:\/\/hofrfoto.cz\/2018\/09\/25\/festival-ohne-a-mece-2018\/dsc_0035-2\/\" class=\"wp-image-858\" srcset=\"https:\/\/hofrfoto.cz\/wp-content\/uploads\/2019\/01\/DSC_0035-683x1024.jpg 683w, https:\/\/hofrfoto.cz\/wp-content\/uploads\/2019\/01\/DSC_0035-200x300.jpg 200w, https:\/\/hofrfoto.cz\/wp-content\/uploads\/2019\/01\/DSC_0035-768x1152.jpg 768w, https:\/\/hofrfoto.cz\/wp-content\/uploads\/2019\/01\/DSC_0035.jpg 800w\" sizes=\"(max-width: 683px) 100vw, 683px\" \/><\/a><\/figure><\/li><li class=\"blocks-gallery-item\"><figure><a href=\"http:\/\/hofrfoto.cz\/wp-content\/uploads\/2019\/01\/DSC_0046-1-1024x683.jpg\" data-rel=\"lightbox-gallery-0\" data-rl_title=\"DSC_0046\" data-rl_caption=\"DSC_0046\" title=\"DSC_0046\"><img loading=\"lazy\" decoding=\"async\" width=\"1024\" height=\"683\" src=\"http:\/\/hofrfoto.cz\/wp-content\/uploads\/2019\/01\/DSC_0046-1-1024x683.jpg\" alt=\"\" data-id=\"859\" data-link=\"http:\/\/hofrfoto.cz\/2018\/09\/25\/festival-ohne-a-mece-2018\/dsc_0046-4\/\" class=\"wp-image-859\" srcset=\"https:\/\/hofrfoto.cz\/wp-content\/uploads\/2019\/01\/DSC_0046-1-1024x683.jpg 1024w, https:\/\/hofrfoto.cz\/wp-content\/uploads\/2019\/01\/DSC_0046-1-300x200.jpg 300w, https:\/\/hofrfoto.cz\/wp-content\/uploads\/2019\/01\/DSC_0046-1-768x512.jpg 768w, https:\/\/hofrfoto.cz\/wp-content\/uploads\/2019\/01\/DSC_0046-1.jpg 1200w\" sizes=\"(max-width: 1024px) 100vw, 1024px\" \/><\/a><\/figure><\/li><li class=\"blocks-gallery-item\"><figure><a href=\"http:\/\/hofrfoto.cz\/wp-content\/uploads\/2019\/01\/DSC_0066-1024x683.jpg\" data-rel=\"lightbox-gallery-0\" data-rl_title=\"DSC_0066\" data-rl_caption=\"DSC_0066\" title=\"DSC_0066\"><img loading=\"lazy\" decoding=\"async\" width=\"1024\" height=\"683\" src=\"http:\/\/hofrfoto.cz\/wp-content\/uploads\/2019\/01\/DSC_0066-1024x683.jpg\" alt=\"\" data-id=\"860\" data-link=\"http:\/\/hofrfoto.cz\/2018\/09\/25\/festival-ohne-a-mece-2018\/dsc_0066\/\" class=\"wp-image-860\" srcset=\"https:\/\/hofrfoto.cz\/wp-content\/uploads\/2019\/01\/DSC_0066-1024x683.jpg 1024w, https:\/\/hofrfoto.cz\/wp-content\/uploads\/2019\/01\/DSC_0066-300x200.jpg 300w, https:\/\/hofrfoto.cz\/wp-content\/uploads\/2019\/01\/DSC_0066-768x512.jpg 768w, https:\/\/hofrfoto.cz\/wp-content\/uploads\/2019\/01\/DSC_0066.jpg 1200w\" sizes=\"(max-width: 1024px) 100vw, 1024px\" \/><\/a><\/figure><\/li><li class=\"blocks-gallery-item\"><figure><a href=\"http:\/\/hofrfoto.cz\/wp-content\/uploads\/2019\/01\/DSC_0069-1024x683.jpg\" data-rel=\"lightbox-gallery-0\" data-rl_title=\"DSC_0069\" data-rl_caption=\"DSC_0069\" title=\"DSC_0069\"><img loading=\"lazy\" decoding=\"async\" width=\"1024\" height=\"683\" src=\"http:\/\/hofrfoto.cz\/wp-content\/uploads\/2019\/01\/DSC_0069-1024x683.jpg\" alt=\"\" data-id=\"861\" data-link=\"http:\/\/hofrfoto.cz\/2018\/09\/25\/festival-ohne-a-mece-2018\/dsc_0069\/\" class=\"wp-image-861\" srcset=\"https:\/\/hofrfoto.cz\/wp-content\/uploads\/2019\/01\/DSC_0069-1024x683.jpg 1024w, https:\/\/hofrfoto.cz\/wp-content\/uploads\/2019\/01\/DSC_0069-300x200.jpg 300w, https:\/\/hofrfoto.cz\/wp-content\/uploads\/2019\/01\/DSC_0069-768x512.jpg 768w, https:\/\/hofrfoto.cz\/wp-content\/uploads\/2019\/01\/DSC_0069.jpg 1200w\" sizes=\"(max-width: 1024px) 100vw, 1024px\" \/><\/a><\/figure><\/li><li class=\"blocks-gallery-item\"><figure><a href=\"http:\/\/hofrfoto.cz\/wp-content\/uploads\/2019\/01\/DSC_0173-1024x683.jpg\" data-rel=\"lightbox-gallery-0\" data-rl_title=\"DSC_0173\" data-rl_caption=\"DSC_0173\" title=\"DSC_0173\"><img loading=\"lazy\" decoding=\"async\" width=\"1024\" height=\"683\" src=\"http:\/\/hofrfoto.cz\/wp-content\/uploads\/2019\/01\/DSC_0173-1024x683.jpg\" alt=\"\" data-id=\"862\" data-link=\"http:\/\/hofrfoto.cz\/2018\/09\/25\/festival-ohne-a-mece-2018\/dsc_0173-4\/\" class=\"wp-image-862\" srcset=\"https:\/\/hofrfoto.cz\/wp-content\/uploads\/2019\/01\/DSC_0173-1024x683.jpg 1024w, https:\/\/hofrfoto.cz\/wp-content\/uploads\/2019\/01\/DSC_0173-300x200.jpg 300w, https:\/\/hofrfoto.cz\/wp-content\/uploads\/2019\/01\/DSC_0173-768x512.jpg 768w, https:\/\/hofrfoto.cz\/wp-content\/uploads\/2019\/01\/DSC_0173.jpg 1200w\" sizes=\"(max-width: 1024px) 100vw, 1024px\" \/><\/a><\/figure><\/li><li class=\"blocks-gallery-item\"><figure><a href=\"http:\/\/hofrfoto.cz\/wp-content\/uploads\/2019\/01\/DSC_0238-1024x683.jpg\" data-rel=\"lightbox-gallery-0\" data-rl_title=\"DSC_0238\" data-rl_caption=\"DSC_0238\" title=\"DSC_0238\"><img loading=\"lazy\" decoding=\"async\" width=\"1024\" height=\"683\" src=\"http:\/\/hofrfoto.cz\/wp-content\/uploads\/2019\/01\/DSC_0238-1024x683.jpg\" alt=\"\" data-id=\"863\" data-link=\"http:\/\/hofrfoto.cz\/2018\/09\/25\/festival-ohne-a-mece-2018\/dsc_0238-2\/\" class=\"wp-image-863\" srcset=\"https:\/\/hofrfoto.cz\/wp-content\/uploads\/2019\/01\/DSC_0238-1024x683.jpg 1024w, https:\/\/hofrfoto.cz\/wp-content\/uploads\/2019\/01\/DSC_0238-300x200.jpg 300w, https:\/\/hofrfoto.cz\/wp-content\/uploads\/2019\/01\/DSC_0238-768x512.jpg 768w, https:\/\/hofrfoto.cz\/wp-content\/uploads\/2019\/01\/DSC_0238.jpg 1200w\" sizes=\"(max-width: 1024px) 100vw, 1024px\" \/><\/a><\/figure><\/li><li class=\"blocks-gallery-item\"><figure><a href=\"http:\/\/hofrfoto.cz\/wp-content\/uploads\/2019\/01\/DSC_0271-1024x683.jpg\" data-rel=\"lightbox-gallery-0\" data-rl_title=\"DSC_0271\" data-rl_caption=\"DSC_0271\" title=\"DSC_0271\"><img loading=\"lazy\" decoding=\"async\" width=\"1024\" height=\"683\" src=\"http:\/\/hofrfoto.cz\/wp-content\/uploads\/2019\/01\/DSC_0271-1024x683.jpg\" alt=\"\" data-id=\"864\" data-link=\"http:\/\/hofrfoto.cz\/2018\/09\/25\/festival-ohne-a-mece-2018\/dsc_0271-2\/\" class=\"wp-image-864\" srcset=\"https:\/\/hofrfoto.cz\/wp-content\/uploads\/2019\/01\/DSC_0271-1024x683.jpg 1024w, https:\/\/hofrfoto.cz\/wp-content\/uploads\/2019\/01\/DSC_0271-300x200.jpg 300w, https:\/\/hofrfoto.cz\/wp-content\/uploads\/2019\/01\/DSC_0271-768x512.jpg 768w, https:\/\/hofrfoto.cz\/wp-content\/uploads\/2019\/01\/DSC_0271.jpg 1200w\" sizes=\"(max-width: 1024px) 100vw, 1024px\" \/><\/a><\/figure><\/li><li class=\"blocks-gallery-item\"><figure><a href=\"http:\/\/hofrfoto.cz\/wp-content\/uploads\/2019\/01\/DSC_0301-1024x683.jpg\" data-rel=\"lightbox-gallery-0\" data-rl_title=\"DSC_0301\" data-rl_caption=\"DSC_0301\" title=\"DSC_0301\"><img loading=\"lazy\" decoding=\"async\" width=\"1024\" height=\"683\" src=\"http:\/\/hofrfoto.cz\/wp-content\/uploads\/2019\/01\/DSC_0301-1024x683.jpg\" alt=\"\" data-id=\"865\" data-link=\"http:\/\/hofrfoto.cz\/2018\/09\/25\/festival-ohne-a-mece-2018\/dsc_0301\/\" class=\"wp-image-865\" srcset=\"https:\/\/hofrfoto.cz\/wp-content\/uploads\/2019\/01\/DSC_0301-1024x683.jpg 1024w, https:\/\/hofrfoto.cz\/wp-content\/uploads\/2019\/01\/DSC_0301-300x200.jpg 300w, https:\/\/hofrfoto.cz\/wp-content\/uploads\/2019\/01\/DSC_0301-768x512.jpg 768w, https:\/\/hofrfoto.cz\/wp-content\/uploads\/2019\/01\/DSC_0301.jpg 1200w\" sizes=\"(max-width: 1024px) 100vw, 1024px\" \/><\/a><\/figure><\/li><li class=\"blocks-gallery-item\"><figure><a href=\"http:\/\/hofrfoto.cz\/wp-content\/uploads\/2019\/01\/DSC_0305-1024x683.jpg\" data-rel=\"lightbox-gallery-0\" data-rl_title=\"DSC_0305\" data-rl_caption=\"DSC_0305\" title=\"DSC_0305\"><img loading=\"lazy\" decoding=\"async\" width=\"1024\" height=\"683\" src=\"http:\/\/hofrfoto.cz\/wp-content\/uploads\/2019\/01\/DSC_0305-1024x683.jpg\" alt=\"\" data-id=\"866\" data-link=\"http:\/\/hofrfoto.cz\/2018\/09\/25\/festival-ohne-a-mece-2018\/dsc_0305\/\" class=\"wp-image-866\" srcset=\"https:\/\/hofrfoto.cz\/wp-content\/uploads\/2019\/01\/DSC_0305-1024x683.jpg 1024w, https:\/\/hofrfoto.cz\/wp-content\/uploads\/2019\/01\/DSC_0305-300x200.jpg 300w, https:\/\/hofrfoto.cz\/wp-content\/uploads\/2019\/01\/DSC_0305-768x512.jpg 768w, https:\/\/hofrfoto.cz\/wp-content\/uploads\/2019\/01\/DSC_0305.jpg 1200w\" sizes=\"(max-width: 1024px) 100vw, 1024px\" \/><\/a><\/figure><\/li><li class=\"blocks-gallery-item\"><figure><a href=\"http:\/\/hofrfoto.cz\/wp-content\/uploads\/2019\/01\/DSC_0466-1024x683.jpg\" data-rel=\"lightbox-gallery-0\" data-rl_title=\"DSC_0466\" data-rl_caption=\"DSC_0466\" title=\"DSC_0466\"><img loading=\"lazy\" decoding=\"async\" width=\"1024\" height=\"683\" src=\"http:\/\/hofrfoto.cz\/wp-content\/uploads\/2019\/01\/DSC_0466-1024x683.jpg\" alt=\"\" data-id=\"867\" data-link=\"http:\/\/hofrfoto.cz\/2018\/09\/25\/festival-ohne-a-mece-2018\/dsc_0466\/\" class=\"wp-image-867\" srcset=\"https:\/\/hofrfoto.cz\/wp-content\/uploads\/2019\/01\/DSC_0466-1024x683.jpg 1024w, https:\/\/hofrfoto.cz\/wp-content\/uploads\/2019\/01\/DSC_0466-300x200.jpg 300w, https:\/\/hofrfoto.cz\/wp-content\/uploads\/2019\/01\/DSC_0466-768x512.jpg 768w, https:\/\/hofrfoto.cz\/wp-content\/uploads\/2019\/01\/DSC_0466.jpg 1200w\" sizes=\"(max-width: 1024px) 100vw, 1024px\" \/><\/a><\/figure><\/li><li class=\"blocks-gallery-item\"><figure><a href=\"http:\/\/hofrfoto.cz\/wp-content\/uploads\/2019\/01\/DSC_0467-1024x683.jpg\" data-rel=\"lightbox-gallery-0\" data-rl_title=\"DSC_0467\" data-rl_caption=\"DSC_0467\" title=\"DSC_0467\"><img loading=\"lazy\" decoding=\"async\" width=\"1024\" height=\"683\" src=\"http:\/\/hofrfoto.cz\/wp-content\/uploads\/2019\/01\/DSC_0467-1024x683.jpg\" alt=\"\" data-id=\"868\" data-link=\"http:\/\/hofrfoto.cz\/2018\/09\/25\/festival-ohne-a-mece-2018\/dsc_0467\/\" class=\"wp-image-868\" srcset=\"https:\/\/hofrfoto.cz\/wp-content\/uploads\/2019\/01\/DSC_0467-1024x683.jpg 1024w, https:\/\/hofrfoto.cz\/wp-content\/uploads\/2019\/01\/DSC_0467-300x200.jpg 300w, https:\/\/hofrfoto.cz\/wp-content\/uploads\/2019\/01\/DSC_0467-768x512.jpg 768w, https:\/\/hofrfoto.cz\/wp-content\/uploads\/2019\/01\/DSC_0467.jpg 1200w\" sizes=\"(max-width: 1024px) 100vw, 1024px\" \/><\/a><\/figure><\/li><li class=\"blocks-gallery-item\"><figure><a href=\"http:\/\/hofrfoto.cz\/wp-content\/uploads\/2019\/01\/DSC_0492-1024x683.jpg\" data-rel=\"lightbox-gallery-0\" data-rl_title=\"DSC_0492\" data-rl_caption=\"DSC_0492\" title=\"DSC_0492\"><img loading=\"lazy\" decoding=\"async\" width=\"1024\" height=\"683\" src=\"http:\/\/hofrfoto.cz\/wp-content\/uploads\/2019\/01\/DSC_0492-1024x683.jpg\" alt=\"\" data-id=\"869\" data-link=\"http:\/\/hofrfoto.cz\/2018\/09\/25\/festival-ohne-a-mece-2018\/dsc_0492\/\" class=\"wp-image-869\" srcset=\"https:\/\/hofrfoto.cz\/wp-content\/uploads\/2019\/01\/DSC_0492-1024x683.jpg 1024w, https:\/\/hofrfoto.cz\/wp-content\/uploads\/2019\/01\/DSC_0492-300x200.jpg 300w, https:\/\/hofrfoto.cz\/wp-content\/uploads\/2019\/01\/DSC_0492-768x512.jpg 768w, https:\/\/hofrfoto.cz\/wp-content\/uploads\/2019\/01\/DSC_0492.jpg 1200w\" sizes=\"(max-width: 1024px) 100vw, 1024px\" \/><\/a><\/figure><\/li><\/ul>","protected":false},"excerpt":{"rendered":"<p> [&hellip;]<\/p>","protected":false},"author":1,"featured_media":865,"comment_status":"open","ping_status":"open","sticky":false,"template":"","format":"standard","meta":{"_exactmetrics_skip_tracking":false,"_exactmetrics_sitenote_active":false,"_exactmetrics_sitenote_note":"","_exactmetrics_sitenote_category":0,"_vp_format_video_url":"","_vp_image_focal_point":[],"footnotes":""},"categories":[2,709],"tags":[3],"class_list":["post-856","post","type-post","status-publish","format-standard","has-post-thumbnail","hentry","category-festivaly","category-koncerty-a-festivaly","tag-festivaly","entry","has-media"],"_links":{"self":[{"href":"https:\/\/hofrfoto.cz\/en\/wp-json\/wp\/v2\/posts\/856"}],"collection":[{"href":"https:\/\/hofrfoto.cz\/en\/wp-json\/wp\/v2\/posts"}],"about":[{"href":"https:\/\/hofrfoto.cz\/en\/wp-json\/wp\/v2\/types\/post"}],"author":[{"embeddable":true,"href":"https:\/\/hofrfoto.cz\/en\/wp-json\/wp\/v2\/users\/1"}],"replies":[{"embeddable":true,"href":"https:\/\/hofrfoto.cz\/en\/wp-json\/wp\/v2\/comments?post=856"}],"version-history":[{"count":5,"href":"https:\/\/hofrfoto.cz\/en\/wp-json\/wp\/v2\/posts\/856\/revisions"}],"predecessor-version":[{"id":6977,"href":"https:\/\/hofrfoto.cz\/en\/wp-json\/wp\/v2\/posts\/856\/revisions\/6977"}],"wp:featuredmedia":[{"embeddable":true,"href":"https:\/\/hofrfoto.cz\/en\/wp-json\/wp\/v2\/media\/865"}],"wp:attachment":[{"href":"https:\/\/hofrfoto.cz\/en\/wp-json\/wp\/v2\/media?parent=856"}],"wp:term":[{"taxonomy":"category","embeddable":true,"href":"https:\/\/hofrfoto.cz\/en\/wp-json\/wp\/v2\/categories?post=856"},{"taxonomy":"post_tag","embeddable":true,"href":"https:\/\/hofrfoto.cz\/en\/wp-json\/wp\/v2\/tags?post=856"}],"curies":[{"name":"wp","href":"https:\/\/api.w.org\/{rel}","templated":true}]}}