{"id":263,"count":1,"description":"","link":"https:\/\/hofrfoto.cz\/en\/tag\/tancici-plamenna-nyx\/","name":"Tan\u010d\u00edc\u00ed plamenn\u00e1 Nyx","slug":"tancici-plamenna-nyx","taxonomy":"post_tag","meta":[],"_links":{"self":[{"href":"https:\/\/hofrfoto.cz\/en\/wp-json\/wp\/v2\/tags\/263"}],"collection":[{"href":"https:\/\/hofrfoto.cz\/en\/wp-json\/wp\/v2\/tags"}],"about":[{"href":"https:\/\/hofrfoto.cz\/en\/wp-json\/wp\/v2\/taxonomies\/post_tag"}],"wp:post_type":[{"href":"https:\/\/hofrfoto.cz\/en\/wp-json\/wp\/v2\/posts?tags=263"}],"curies":[{"name":"wp","href":"https:\/\/api.w.org\/{rel}","templated":true}]}}