{"id":347,"count":2,"description":"","link":"https:\/\/hofrfoto.cz\/en\/tag\/zimni-priroda\/","name":"zimn\u00ed p\u0159\u00edroda","slug":"zimni-priroda","taxonomy":"post_tag","meta":[],"_links":{"self":[{"href":"https:\/\/hofrfoto.cz\/en\/wp-json\/wp\/v2\/tags\/347"}],"collection":[{"href":"https:\/\/hofrfoto.cz\/en\/wp-json\/wp\/v2\/tags"}],"about":[{"href":"https:\/\/hofrfoto.cz\/en\/wp-json\/wp\/v2\/taxonomies\/post_tag"}],"wp:post_type":[{"href":"https:\/\/hofrfoto.cz\/en\/wp-json\/wp\/v2\/posts?tags=347"}],"curies":[{"name":"wp","href":"https:\/\/api.w.org\/{rel}","templated":true}]}}