{"id":843,"count":1,"description":"","link":"https:\/\/hofrfoto.cz\/en\/tag\/kongresovy-dum-zlin\/","name":"kongresov\u00fd d\u016fm zl\u00edn","slug":"kongresovy-dum-zlin","taxonomy":"post_tag","meta":[],"_links":{"self":[{"href":"https:\/\/hofrfoto.cz\/en\/wp-json\/wp\/v2\/tags\/843"}],"collection":[{"href":"https:\/\/hofrfoto.cz\/en\/wp-json\/wp\/v2\/tags"}],"about":[{"href":"https:\/\/hofrfoto.cz\/en\/wp-json\/wp\/v2\/taxonomies\/post_tag"}],"wp:post_type":[{"href":"https:\/\/hofrfoto.cz\/en\/wp-json\/wp\/v2\/posts?tags=843"}],"curies":[{"name":"wp","href":"https:\/\/api.w.org\/{rel}","templated":true}]}}