{"id":95,"count":1,"description":"","link":"https:\/\/hofrfoto.cz\/en\/tag\/bradacek-vejcity\/","name":"Brad\u00e1\u010dek vej\u010dit\u00fd","slug":"bradacek-vejcity","taxonomy":"post_tag","meta":[],"_links":{"self":[{"href":"https:\/\/hofrfoto.cz\/en\/wp-json\/wp\/v2\/tags\/95"}],"collection":[{"href":"https:\/\/hofrfoto.cz\/en\/wp-json\/wp\/v2\/tags"}],"about":[{"href":"https:\/\/hofrfoto.cz\/en\/wp-json\/wp\/v2\/taxonomies\/post_tag"}],"wp:post_type":[{"href":"https:\/\/hofrfoto.cz\/en\/wp-json\/wp\/v2\/posts?tags=95"}],"curies":[{"name":"wp","href":"https:\/\/api.w.org\/{rel}","templated":true}]}}